{"id":230002,"date":"2012-11-21T15:25:39","date_gmt":"2012-11-21T14:25:39","guid":{"rendered":"http:\/\/www.ivg.it\/?p=230002"},"modified":"2012-11-21T16:32:07","modified_gmt":"2012-11-21T15:32:07","slug":"vaccarezza-a-bologna-al-fianco-dei-balneari-no-a-una-direttiva-che-cancella-oltre-cento-anni-di-turismo","status":"publish","type":"post","link":"https:\/\/staging.ivg.it\/2012\/11\/vaccarezza-a-bologna-al-fianco-dei-balneari-no-a-una-direttiva-che-cancella-oltre-cento-anni-di-turismo\/","title":{"rendered":"Vaccarezza a Bologna al fianco dei balneari: &#8220;No a una direttiva che cancella oltre cento anni di turismo&#8221;"},"content":{"rendered":"<p>E&#8217; partito da Bologna il primo di una serie di presidi che si riuniranno, nel corso dei prossimi mesi, davanti alle sedi regionali per la difesa degli stabilimenti balneari dall&#8217;evidenza pubblica prevista dal 2015. Una manifestazione che si \u00e8 svolta sotto il Palazzo della Regione Emilia Romagna con migliaia di imprenditori provenienti da tutto il Paese, insieme per ribadire al governo la tutela di 30.000 imprese italiane e 300.000 lavoratori.<\/p>\n<p>Il presidente della Provincia di Savona, Angelo Vaccarezza, delegato nazionale Upi al demanio marittimo, ha dichiarato: \u201cA Bologna si sono riuniti gli stati generali dei migliaia di imprenditori balneari italiani che dicono no all&#8217;applicazione di una direttiva che altro non sar\u00e0, che la fine di oltre cent&#8217;anni di storia del turismo balneare italiano. Il nostro presidio davanti alla sede della Regione Emilia Romagna si \u00e8 tradotto non semplicemente in una richiesta di attenzione ma in una richiesta di cambio di atteggiamento e presa di posizione della Regione Emilia Romagna nei confronti di una Direttiva estranea e dannosa per l&#8217;intero Paese&#8221;. <\/p>\n<p>&#8220;Le Province, grazie al mio impegno, sono state sempre in prima linea nella difesa dei balneari, io sono andato di persona pi\u00f9 volte a Bruxelles per ribadire che il decreto cos\u00ec come concepito \u00e8 distruttivo &#8211; prosegue Vaccarezza &#8211; Il Governo ha dimostrato in questi mesi di avere dei veri e propri preconcetti nei confronti dei balneari ed ora \u00e8 necessario che le Regioni prendano una posizione netta e precisa uscendo da questa vergognosa ambiguit\u00e0&#8221;.<\/p>\n<p>&#8220;Non \u00e8 possibile che l&#8217;unica soluzione fino ad oggi presentata sia l&#8217;attesa nel vedere<br \/>\ncosa la Spagna riuscir\u00e0 ad ottenere dall&#8217;Europa. Ci\u00f2 che va bene per la Spagna non \u00e8 detto vada bene anche per l&#8217;Italia. Non voglio pi\u00f9 leggere documenti tradotti dallo spagnolo e pretendo che il Governo consideri la specificit\u00e0 dell&#8217;Italia. Abbiamo chiesto, il sottoscritto come delegato al demanio UPI e Luciano Monticelli come delegato ANCI, di poter partecipare alla Conferenza delle Regioni che si riunir\u00e0 domani. Ci hanno detto di no. Un divieto che rispettiamo ma che non deve servire come alibi per le eventuali scelte che verranno da l\u00ec in poi intraprese&#8221; dice ancora il numero uno di Palazzo Nervi.<\/p>\n<p>&#8220;Noi domani vogliamo che in questo confronto venga ribadito unanimemente la contrariet\u00e0 al decreto Gnudi a prescindere da ci\u00f2 che l&#8217;Europa dir\u00e0 alla Spagna. Noi chiediamo un&#8217;unica soluzione approvata in modo condiviso da Parlamento, Regioni, Province e Comuni. Solo questa sinergia pu\u00f2 dare forza alla nostra azione. Se cos\u00ec non sar\u00e0 continueremo in tutte le sedi, sempre e comunque nel nome della legalit\u00e0, a richiamare una posizione netta e chiara del Governo. Non ci accontenteremo certo di semplice solidariet\u00e0 ma pretendiamo, e questo lo dico a nome di pi\u00f9 di un milione di persone, la difesa di un diritto che non pu\u00f2 essere calpestato e cancellato dall&#8217;indifferenza non dell&#8217;Europa ma del Governo Italiano&#8221; conclude Vaccarezza.<\/p>\n","protected":false},"excerpt":{"rendered":"<p>E&#8217; partito da Bologna il primo di una serie di presidi che si riuniranno, nel corso dei prossimi mesi, davanti alle sedi regionali per la difesa degli stabilimenti balneari dall&#8217;evidenza pubblica prevista dal 2015. Una manifestazione che si \u00e8 svolta sotto il Palazzo della Regione Emilia Romagna con migliaia di imprenditori provenienti da tutto il [&hellip;]<\/p>\n","protected":false},"author":13744,"featured_media":0,"comment_status":"open","ping_status":"closed","sticky":false,"template":"","format":"standard","meta":{"footnotes":""},"categories":[35],"tags":[2317,17436,36263,10269,107],"class_list":["post-230002","post","type-post","status-publish","format-standard","hentry","category-economia","tag-angelo-vaccarezza","tag-balneari","tag-bolkestein","tag-bologna","tag-turismo","post_cat_citta-andora","post_cat_citta-savona"],"amp_validity":null,"amp_enabled":true,"_links":{"self":[{"href":"https:\/\/staging.ivg.it\/ediapi\/wp\/v2\/posts\/230002","targetHints":{"allow":["GET"]}}],"collection":[{"href":"https:\/\/staging.ivg.it\/ediapi\/wp\/v2\/posts"}],"about":[{"href":"https:\/\/staging.ivg.it\/ediapi\/wp\/v2\/types\/post"}],"author":[{"embeddable":true,"href":"https:\/\/staging.ivg.it\/ediapi\/wp\/v2\/users\/13744"}],"replies":[{"embeddable":true,"href":"https:\/\/staging.ivg.it\/ediapi\/wp\/v2\/comments?post=230002"}],"version-history":[{"count":0,"href":"https:\/\/staging.ivg.it\/ediapi\/wp\/v2\/posts\/230002\/revisions"}],"wp:attachment":[{"href":"https:\/\/staging.ivg.it\/ediapi\/wp\/v2\/media?parent=230002"}],"wp:term":[{"taxonomy":"category","embeddable":true,"href":"https:\/\/staging.ivg.it\/ediapi\/wp\/v2\/categories?post=230002"},{"taxonomy":"post_tag","embeddable":true,"href":"https:\/\/staging.ivg.it\/ediapi\/wp\/v2\/tags?post=230002"}],"curies":[{"name":"wp","href":"https:\/\/api.w.org\/{rel}","templated":true}]}}