{"id":229800,"date":"2012-11-18T14:14:09","date_gmt":"2012-11-18T13:14:09","guid":{"rendered":"http:\/\/www.ivg.it\/?p=229800"},"modified":"2012-11-18T14:14:09","modified_gmt":"2012-11-18T13:14:09","slug":"manifestazione-ospedale-di-cairo-melgrati-presa-di-coscienza-risoluta-in-valbormida","status":"publish","type":"post","link":"https:\/\/staging.ivg.it\/2012\/11\/manifestazione-ospedale-di-cairo-melgrati-presa-di-coscienza-risoluta-in-valbormida\/","title":{"rendered":"Manifestazione ospedale di Cairo, Melgrati: &#8220;Presa di coscienza risoluta in Valbormida&#8221;"},"content":{"rendered":"<p><strong>Cairo Montenotte<\/strong>. &#8220;Mi ha fatto molto piacere vedere grande partecipazione in piazza a Cairo, ancor pi\u00f9 della precedente manifestazione di quasi due mesi orsono, con i sindaci finalmente schierati con la fascia tricolore&#8221;. E&#8217; il commento del consigliere regionale Marco Melgrati, che ha partecipato alla manifestazione contro il declassamento del pronto soccorso dell\u2019ospedale San Giuseppe.<\/p>\n<p>&#8220;Soddisfatto &#8211; prosegue &#8211; perch\u00e9 dopo tanti sforzi per far comprendere ai cittadini la portata dei danni a strutture e servizi sanitari che questa scellerata politica di tagli lineari sta arrecando al servizio sanitario della nostra provincia, finalmente si inizia a vedere una presa di coscienza generale ancor pi\u00f9 risoluta dei sindaci della Valbormida e di altri colleghi appartenenti al consiglio regionale, consci delle ripercussioni che avranno sui cittadini in generale e pi\u00f9 in particolare sui malati e coloro che si troveranno a dover sperimentare la Sanit\u00e0 pubblica locale dopo gli ultimi, ripeto, scellerati tagli dei reparti e riorganizzazioni delle strutture dell\u2019emergenza sanitaria&#8221;.<\/p>\n<p>&#8220;E\u2019 stato evidenziato molto chiaramente dai militi delle Croci intervenuti dal palco che nessun decesso pu\u00f2 essere certificato durante il trasporto \u2026 \u00e8 accaduto e purtroppo accadr\u00e0 ancora che i trasportati muoiano nel viaggio di trasferimento tra la loro residenza, dai paesi pi\u00f9 sperduti della Valbormida, al pronto soccorso di Savona, passando per il Cadibona, perch\u00e9 \u00e8 necessario il rendez-vouz con l\u2019automedica del 118, confermando di fatto quello che ho denunciato nei giorni scorsi&#8221; osserva Melgrati.<\/p>\n<p>&#8220;Prendiamo atto della non disponibilit\u00e0 del presidente della Commissione Sanit\u00e0 Stefgano Quaini a votare in consiglio regionale una delibera che preveda la soppressione dei pronto soccorso di Cairo (e implicitamente di quello di Albenga); la speranza \u00e8 che il suo esempio, da verificare in aula, sia seguito da tutto il Gruppo consiliare dell\u2019Idv e dai rappresentanti della sinistra radicale, Sel e Rifondazione Comunista, gi\u00e0 oggi sostanzialmente critici nei confronti di questo provvedimento; in questa maniera la delibera non potr\u00e0 essere approvata. E questa sarebbe una grande vittoria per i cittadini&#8221; afferma Melgrati.<\/p>\n<p>&#8220;Da stigmatizzare, ancora una volta, nonostante la presenza di sindaco e amministratori iscritti al Pd, l\u2019assenza imbarazzante dei consiglieri regionali del Pd eletti in provincia di Savona, a partire dal valbormidese Michele Boffa, senza dimenticare Nino Miceli, capogruppo del Pd in consiglio regionale, e l\u2019assessore Lorena Rambaudi. In attesa di ricevere nell\u2019aula del consiglio, prima, durante e dopo la discussione sul Piano Sanitario, i rappresentanti dei comitati, che hanno intenzione di portare la voce della Valbormida fino nelle aule del consiglio regionale, per una battaglia che \u00e8 ancora tutta da combattere&#8221; conclude il consigliere Melgrati.<\/p>\n","protected":false},"excerpt":{"rendered":"<p>Cairo Montenotte. &#8220;Mi ha fatto molto piacere vedere grande partecipazione in piazza a Cairo, ancor pi\u00f9 della precedente manifestazione di quasi due mesi orsono, con i sindaci finalmente schierati con la fascia tricolore&#8221;. E&#8217; il commento del consigliere regionale Marco Melgrati, che ha partecipato alla manifestazione contro il declassamento del pronto soccorso dell\u2019ospedale San Giuseppe. [&hellip;]<\/p>\n","protected":false},"author":13744,"featured_media":0,"comment_status":"open","ping_status":"closed","sticky":false,"template":"","format":"standard","meta":{"footnotes":""},"categories":[31],"tags":[151,2328,872],"class_list":["post-229800","post","type-post","status-publish","format-standard","hentry","category-politica","tag-cairo","tag-marco-melgrati","tag-ospedale","post_cat_citta-andora","post_cat_citta-cairo-montenotte"],"amp_validity":null,"amp_enabled":true,"_links":{"self":[{"href":"https:\/\/staging.ivg.it\/ediapi\/wp\/v2\/posts\/229800","targetHints":{"allow":["GET"]}}],"collection":[{"href":"https:\/\/staging.ivg.it\/ediapi\/wp\/v2\/posts"}],"about":[{"href":"https:\/\/staging.ivg.it\/ediapi\/wp\/v2\/types\/post"}],"author":[{"embeddable":true,"href":"https:\/\/staging.ivg.it\/ediapi\/wp\/v2\/users\/13744"}],"replies":[{"embeddable":true,"href":"https:\/\/staging.ivg.it\/ediapi\/wp\/v2\/comments?post=229800"}],"version-history":[{"count":0,"href":"https:\/\/staging.ivg.it\/ediapi\/wp\/v2\/posts\/229800\/revisions"}],"wp:attachment":[{"href":"https:\/\/staging.ivg.it\/ediapi\/wp\/v2\/media?parent=229800"}],"wp:term":[{"taxonomy":"category","embeddable":true,"href":"https:\/\/staging.ivg.it\/ediapi\/wp\/v2\/categories?post=229800"},{"taxonomy":"post_tag","embeddable":true,"href":"https:\/\/staging.ivg.it\/ediapi\/wp\/v2\/tags?post=229800"}],"curies":[{"name":"wp","href":"https:\/\/api.w.org\/{rel}","templated":true}]}}