{"id":229628,"date":"2012-11-14T22:14:35","date_gmt":"2012-11-14T21:14:35","guid":{"rendered":"http:\/\/www.ivg.it\/?p=229628"},"modified":"2012-11-14T22:14:35","modified_gmt":"2012-11-14T21:14:35","slug":"canoa-il-coni-conferisce-la-stella-doro-al-merito-sportivo-a-ruggero-de-gregori","status":"publish","type":"post","link":"https:\/\/staging.ivg.it\/2012\/11\/canoa-il-coni-conferisce-la-stella-doro-al-merito-sportivo-a-ruggero-de-gregori\/","title":{"rendered":"Canoa, il Coni conferisce la Stella d&#8217;Oro al Merito Sportivo a Ruggero De Gregori"},"content":{"rendered":"<p><strong>Savona<\/strong>. Una Stella d&#8217;Oro al Merito Sportivo in pi\u00f9 brilla, da oggi, nel firmamento savonese. A ricevere l&#8217;onoreficienza \u00e8 Ruggero De Gregori, presidente della Canottieri Sabazia.<\/p>\n<p>Si tratta di un riconoscimento che viene concesso per premiare atleti, tecnici, dirigenti e societ\u00e0 che si sono particolarmente distinti nel dare lustro allo sport italiano. Ha tre distinti gradi: d&#8217;oro, d&#8217;argento e di bronzo. Per ottenere la pi\u00f9 preziosa, per un dirigente, occorrono trenta anni di attivit\u00e0.<\/p>\n<p>Ruggero De Gregori, oltre che l&#8217;anima della societ\u00e0 savonese, \u00e8 vice presidente della Federazione Italiana Canoa e Kayak.<\/p>\n<p>&#8220;Sono lieto di comunicare &#8211; si legge nella lettera ricevuta\u00a0dal numero uno della\u00a0societ\u00e0 savonese e firmata da Gianni Petrucci &#8211; che il Coni le ha conferito la Stella d&#8217;Oro al Merito Sportivo per l&#8217;anno 2010, in riconoscimento delle benemerenze acquisite nella sua attivit\u00e0 dirigenziale&#8221;.<\/p>\n<p>&#8220;Con questa onoreficenza &#8211; prosegue &#8211; l&#8217;organizzazione sportiva nazionale, oltre che attestare le sue capacit\u00e0 e i risultati conseguiti in tale attivit\u00e0, desidera anche esprimerle profonda riconoscenza per la generosa collaborazione e l&#8217;impegno dedicati allo sport in tanti anni di servizio&#8221;.<\/p>\n<p>&#8220;Mi congratulo vivamente con lei &#8211; scrive Petrucci -, augurando che nel prosieguo dell&#8217;attivit\u00e0 dirigenziale possa conseguire ulteriori traguardi e soddisfazioni&#8221;.<\/p>\n<p>&#8220;Nell&#8217;informarla che l&#8217;onoreficenza verr\u00e0 consegnata nel corso di una cerimonia predisposta dal Comitato regionale del Coni, che avr\u00e0 cura di comunicarle, con nota a parte, la data e il luogo dell&#8217;evento, rinnovo i miei complimenti e le invio i pi\u00f9 cordiali saluti&#8221;.<\/p>\n","protected":false},"excerpt":{"rendered":"<p>Savona. Una Stella d&#8217;Oro al Merito Sportivo in pi\u00f9 brilla, da oggi, nel firmamento savonese. A ricevere l&#8217;onoreficienza \u00e8 Ruggero De Gregori, presidente della Canottieri Sabazia. Si tratta di un riconoscimento che viene concesso per premiare atleti, tecnici, dirigenti e societ\u00e0 che si sono particolarmente distinti nel dare lustro allo sport italiano. Ha tre distinti [&hellip;]<\/p>\n","protected":false},"author":18,"featured_media":0,"comment_status":"open","ping_status":"closed","sticky":false,"template":"","format":"standard","meta":{"footnotes":""},"categories":[32],"tags":[1532,1271,1533,16800,85850],"class_list":["post-229628","post","type-post","status-publish","format-standard","hentry","category-sport","tag-canoa","tag-coni","tag-kayak","tag-ruggero-de-gregori","tag-savona","post_cat_citta-savona"],"amp_validity":null,"amp_enabled":true,"_links":{"self":[{"href":"https:\/\/staging.ivg.it\/ediapi\/wp\/v2\/posts\/229628","targetHints":{"allow":["GET"]}}],"collection":[{"href":"https:\/\/staging.ivg.it\/ediapi\/wp\/v2\/posts"}],"about":[{"href":"https:\/\/staging.ivg.it\/ediapi\/wp\/v2\/types\/post"}],"author":[{"embeddable":true,"href":"https:\/\/staging.ivg.it\/ediapi\/wp\/v2\/users\/18"}],"replies":[{"embeddable":true,"href":"https:\/\/staging.ivg.it\/ediapi\/wp\/v2\/comments?post=229628"}],"version-history":[{"count":0,"href":"https:\/\/staging.ivg.it\/ediapi\/wp\/v2\/posts\/229628\/revisions"}],"wp:attachment":[{"href":"https:\/\/staging.ivg.it\/ediapi\/wp\/v2\/media?parent=229628"}],"wp:term":[{"taxonomy":"category","embeddable":true,"href":"https:\/\/staging.ivg.it\/ediapi\/wp\/v2\/categories?post=229628"},{"taxonomy":"post_tag","embeddable":true,"href":"https:\/\/staging.ivg.it\/ediapi\/wp\/v2\/tags?post=229628"}],"curies":[{"name":"wp","href":"https:\/\/api.w.org\/{rel}","templated":true}]}}