{"id":229271,"date":"2012-11-09T11:38:32","date_gmt":"2012-11-09T10:38:32","guid":{"rendered":"http:\/\/www.ivg.it\/?p=229271"},"modified":"2012-11-10T08:21:19","modified_gmt":"2012-11-10T07:21:19","slug":"maersk-il-vice-ministro-ciaccia-sui-fondi-non-ci-sono-dubbi","status":"publish","type":"post","link":"https:\/\/staging.ivg.it\/2012\/11\/maersk-il-vice-ministro-ciaccia-sui-fondi-non-ci-sono-dubbi\/","title":{"rendered":"Maersk, il vice ministro Ciaccia: &#8220;Sui fondi non ci sono dubbi&#8221;"},"content":{"rendered":"<p><strong>Savona.<\/strong> &#8220;Sui fondi previsti per la realizzazione della piattaforma Maersk non ci sono dubbi, l&#8217;opera \u00e8 finanziata e la realizzazione della nuova infrastruttura portuale procede&#8221;. Lo ha detto questa mattina il vice ministro dei Trasporti Mario Ciaccia a Savona per il convegno all&#8217;Unione Industriali di Savona su portualit\u00e0 e sviluppo economico.<\/p>\n<p>&#8220;Questa \u00e8 una grande opera che favorisce l&#8217;economia del territorio e va inquadrata nei sistemi portuali nazionali che vedono nelle porte di entrata ed uscita delle merci il futuro dell&#8217;economia italiana: servono porti attrezzati a ricevere grandi navi, con una infrastrutturazione adeguata anche per lo sviluppo della retroportualit\u00e0. Credo che bisogna guardare ai rapporti costi-benefici per il futuro economico del Paese&#8221; afferma il vice ministro, rispondendo a chi contesta la piattaforma contenitori. <\/p>\n<p>&#8220;Le risorse sono certe perch\u00e9 stanno all&#8217;interno del fondo per le infrastrutture portuale Resta solo un passaggio formale al Cipe per la ripartizione delle risorse&#8221; aggiunge ancora il vice ministro. Ecco la suddivisione del fondi per il finanziamento da 300 mln di euro per la Maersk a Vado Ligure: 125 mln dai decreti della Finanziaria 2007, 81 mln dai fondi non spesi dai porti, altri 69 mln dalle risorse recuperate e non spese e 25 mln dai fondi per le infrastrutture <\/p>\n<p>Nonostante le dichiarazioni dell&#8217;ad Merli, dell&#8217;assessore regionale Vesco e l&#8217;intervento odierno del viceministro Ciaccia, la posizione degli amministratori vadesi anti-piattaforma rimane granitica. &#8220;Questo \u00e8 un giorno significativo: vediamo cosa dir\u00e0 il sottosegretario Ciaccia e quali documenti porter\u00e0. Come ogni amministratore pubblico ho bisogno di vedere le carte, tutto il resto sono parole inutili&#8221; ha affermato il sindaco Attilio Caviglia. <\/p>\n<p>Una linea che l&#8217;assessore all&#8217;urbanistica Enrico Illarcio tiene fissa da tempo: &#8220;Sono almeno tre anni, se non di pi\u00f9, che si continua a parlare di un via libera ai lavori. In realt\u00e0 questo non c\u2019\u00e8 mai stato e non c\u2019\u00e8 neppure oggi. I lavori che si stanno facendo non sono per la realizzazione della piattaforma ma sono soltanto preparatori. Mi chiedo come si faccia ad avviare davvero un cantiere senza che si conosca il progetto definitivo e senza una copertura finanziaria completa dell\u2019opera&#8221;. <\/p>\n<p>L&#8217;esecutivo vadese dubita del fatto che nella riunione del Cipe del 26 ottobre si sia discusso della piattaforma di Vado. &#8220;Poi, per carit\u00e0, possiamo anche sbagliare mira, ma se \u00e8 vero che di questo piano si parla dal 2001, mi parrebbe quanto mai strano che in una riunione del comitato interministeriale non se ne parli&#8221; ha stigmatizzato l&#8217;assessore Illarcio.<\/p>\n","protected":false},"excerpt":{"rendered":"<p>Savona. &#8220;Sui fondi previsti per la realizzazione della piattaforma Maersk non ci sono dubbi, l&#8217;opera \u00e8 finanziata e la realizzazione della nuova infrastruttura portuale procede&#8221;. Lo ha detto questa mattina il vice ministro dei Trasporti Mario Ciaccia a Savona per il convegno all&#8217;Unione Industriali di Savona su portualit\u00e0 e sviluppo economico. &#8220;Questa \u00e8 una grande [&hellip;]<\/p>\n","protected":false},"author":4,"featured_media":0,"comment_status":"open","ping_status":"closed","sticky":false,"template":"","format":"standard","meta":{"footnotes":""},"categories":[35],"tags":[10202,759,85850,261],"class_list":["post-229271","post","type-post","status-publish","format-standard","hentry","category-economia","tag-attilio-caviglia","tag-maersk","tag-savona","tag-vado","post_cat_citta-andora","post_cat_citta-vado-ligure"],"amp_validity":null,"amp_enabled":true,"_links":{"self":[{"href":"https:\/\/staging.ivg.it\/ediapi\/wp\/v2\/posts\/229271","targetHints":{"allow":["GET"]}}],"collection":[{"href":"https:\/\/staging.ivg.it\/ediapi\/wp\/v2\/posts"}],"about":[{"href":"https:\/\/staging.ivg.it\/ediapi\/wp\/v2\/types\/post"}],"author":[{"embeddable":true,"href":"https:\/\/staging.ivg.it\/ediapi\/wp\/v2\/users\/4"}],"replies":[{"embeddable":true,"href":"https:\/\/staging.ivg.it\/ediapi\/wp\/v2\/comments?post=229271"}],"version-history":[{"count":0,"href":"https:\/\/staging.ivg.it\/ediapi\/wp\/v2\/posts\/229271\/revisions"}],"wp:attachment":[{"href":"https:\/\/staging.ivg.it\/ediapi\/wp\/v2\/media?parent=229271"}],"wp:term":[{"taxonomy":"category","embeddable":true,"href":"https:\/\/staging.ivg.it\/ediapi\/wp\/v2\/categories?post=229271"},{"taxonomy":"post_tag","embeddable":true,"href":"https:\/\/staging.ivg.it\/ediapi\/wp\/v2\/tags?post=229271"}],"curies":[{"name":"wp","href":"https:\/\/api.w.org\/{rel}","templated":true}]}}