{"id":229227,"date":"2012-11-08T14:35:22","date_gmt":"2012-11-08T13:35:22","guid":{"rendered":"http:\/\/www.ivg.it\/?p=229227"},"modified":"2012-11-09T08:42:56","modified_gmt":"2012-11-09T07:42:56","slug":"vertice-alluisv-sulla-crisi-dellindustria-savonese-regione-si-impegna-a-prorogare-ammortizzatori-per-sei-mesi","status":"publish","type":"post","link":"https:\/\/staging.ivg.it\/2012\/11\/vertice-alluisv-sulla-crisi-dellindustria-savonese-regione-si-impegna-a-prorogare-ammortizzatori-per-sei-mesi\/","title":{"rendered":"Vertice all&#8217;Uisv sulla crisi dell&#8217;industria savonese: Regione si impegna a prorogare ammortizzatori per sei mesi"},"content":{"rendered":"<p><strong>Savona<\/strong>. Vertice sulle ferite critiche dell&#8217;industria savonese stamane nella sede dell&#8217;Unione Industriali. All&#8217;incontro hanno partecipato l&#8217;assessore regionale Enrico Vesco e l&#8217;assessore provinciale Giorgio Sambin, prendendo in considerazione oltre trenta realt\u00e0 produttive che stanno attraversando un momento grave, con i lavoratori in cassa integrazione o per le quali sono previsti ammortizzatori sociali.<\/p>\n<p>La Regione si \u00e8 impegnata a garantire per altri sei mesi la prosecuzione delle casse integrazioni. Una dichiarazione d&#8217;impegno che comunque dovr\u00e0 essere formalizzata in un tavolo di concertazione, anche perch\u00e9 le risorse andranno spalmate sulla numerosa serie di aziende in difficolt\u00e0. Resta il fatto che difficilmente l&#8217;amministrazione regionale garantir\u00e0 ulteriori &#8220;paracadute&#8221; per il secondo semestre del 2013.<\/p>\n<p>Le maggiori aziende bersagliate dalla crisi economica, secondo un&#8217;analisi effettuata dall&#8217;Unione Industriali di Savona, sono: Ferrania Technologies S.p.A.; FAC Acf Porcellane S.p.A.; Cartiera Bormida S.p.A.; Continental Paper S.p.A.; Cantieri Navali Baglietto Srl; Rodriguez Cantieri Navali S.p.A.; Cantieri Navali Sciallino Srl; Finintra Engineering Srl; Viglietti Aero Srl; Telerobot Srl (Ocem); Centro Latte Savona Srl; OCV Italia Srl; Saint Gobain Adfors Italia Spa (ex Vetrotex); Nuova Isoltermica Srl; Terme Vallechiara Srl; CIET Impianti S.p.A.; Sanzone S.p.A.; Piaggio Aero Industries S.p.A.; Bombardier Transportation Italy S.p.A.; EP System Srl; Gavarry S.p.A.; e la filiera del carbone con Italiana Coke, Tirreno Power, T.A.F., Terminal Rinfuse di Vado e cos\u00ec via.<\/p>\n","protected":false},"excerpt":{"rendered":"<p>Savona. Vertice sulle ferite critiche dell&#8217;industria savonese stamane nella sede dell&#8217;Unione Industriali. All&#8217;incontro hanno partecipato l&#8217;assessore regionale Enrico Vesco e l&#8217;assessore provinciale Giorgio Sambin, prendendo in considerazione oltre trenta realt\u00e0 produttive che stanno attraversando un momento grave, con i lavoratori in cassa integrazione o per le quali sono previsti ammortizzatori sociali. La Regione si \u00e8 [&hellip;]<\/p>\n","protected":false},"author":13744,"featured_media":0,"comment_status":"open","ping_status":"closed","sticky":false,"template":"","format":"standard","meta":{"footnotes":""},"categories":[35,31],"tags":[595,907,37580,1817,375,85850,86052],"class_list":["post-229227","post","type-post","status-publish","format-standard","hentry","category-economia","category-politica","tag-crisi","tag-enrico-vesco","tag-giorgio-sambin","tag-industria","tag-provincia","tag-savona","tag-unione-industriali","post_cat_citta-andora","post_cat_citta-cairo-montenotte","post_cat_citta-savona","post_cat_citta-vado-ligure"],"amp_validity":null,"amp_enabled":true,"_links":{"self":[{"href":"https:\/\/staging.ivg.it\/ediapi\/wp\/v2\/posts\/229227","targetHints":{"allow":["GET"]}}],"collection":[{"href":"https:\/\/staging.ivg.it\/ediapi\/wp\/v2\/posts"}],"about":[{"href":"https:\/\/staging.ivg.it\/ediapi\/wp\/v2\/types\/post"}],"author":[{"embeddable":true,"href":"https:\/\/staging.ivg.it\/ediapi\/wp\/v2\/users\/13744"}],"replies":[{"embeddable":true,"href":"https:\/\/staging.ivg.it\/ediapi\/wp\/v2\/comments?post=229227"}],"version-history":[{"count":0,"href":"https:\/\/staging.ivg.it\/ediapi\/wp\/v2\/posts\/229227\/revisions"}],"wp:attachment":[{"href":"https:\/\/staging.ivg.it\/ediapi\/wp\/v2\/media?parent=229227"}],"wp:term":[{"taxonomy":"category","embeddable":true,"href":"https:\/\/staging.ivg.it\/ediapi\/wp\/v2\/categories?post=229227"},{"taxonomy":"post_tag","embeddable":true,"href":"https:\/\/staging.ivg.it\/ediapi\/wp\/v2\/tags?post=229227"}],"curies":[{"name":"wp","href":"https:\/\/api.w.org\/{rel}","templated":true}]}}