{"id":229226,"date":"2012-11-08T14:16:11","date_gmt":"2012-11-08T13:16:11","guid":{"rendered":"http:\/\/www.ivg.it\/?p=229226"},"modified":"2012-11-08T18:08:25","modified_gmt":"2012-11-08T17:08:25","slug":"ceriale-cantieri-sciallino-incontro-in-provincia-il-comune-ribadisce-il-no-alla-trasformazione-in-residenziale","status":"publish","type":"post","link":"https:\/\/staging.ivg.it\/2012\/11\/ceriale-cantieri-sciallino-incontro-in-provincia-il-comune-ribadisce-il-no-alla-trasformazione-in-residenziale\/","title":{"rendered":"Ceriale, cantieri Sciallino: incontro in Provincia, il Comune ribadisce il no alla trasformazione in residenziale"},"content":{"rendered":"<p><strong>Ceriale<\/strong>. Il futuro dei cantieri navali Sciallino \u00e8 stato al centro dell&#8217;incontro che si \u00e8 svolto oggi a Palazzo Nervi con la presenza istituzionale degli assessori regionali Enrico Vesco e Renzo Guccinelli, dell&#8217;assessore provinciale Giorgio Sambin, del sindaco cerialese Ennio Fazio, del commissario nominato dal tribunale Ambrogio Botta e del responsabile della liquidazione per conto dell&#8217;azienda Franco Vazio. <\/p>\n<p>La propriet\u00e0 della famiglia Sciallino, che ha visto l&#8217;ingresso in societ\u00e0 della cordata rappresentata dall&#8217;imprenditore Carlo Bassi, ha chiesto la trasformazione del capannone sul mare in un complesso residenziale per appianare i debiti societari e trasferire la produzione nell\u2019officina di Pogli, sulla collina di Ortovero. <\/p>\n<p>Stamane la discussione ha toccato questo tema, cui si oppone il Comune di Ceriale: l&#8217;amministrazione Fazio \u00e8 contraria a qualsiasi operazione di vendita e ricollocazione, intendendo mantenere nell&#8217;area la destinazione produttiva-artigianale. Per il liquidatore aziendale, l&#8217;avvocato Vazio, per\u00f2, senza una quota anche minima di immobiliare sar\u00e0 difficile sostenere l&#8217;operazione. <\/p>\n<p>Restano in ballo circa venti lavoratori attualmente in cassa integrazione e l&#8217;obiettivo della riunione era appunto verificare quale sia la via per salvaguardare marchio ed occupazione nell&#8217;ambito del concordato fallimentare cosiddetto in bonis. La trasformazione dell&#8217;area di via Prae torner\u00e0 sul tavolo, essendo strettamente legata al destino dell&#8217;azienda nautica. <\/p>\n<p>Per aumentare il valore dell\u2019edificio cerialese, l&#8217;investitore italo-svizzero Bassi e gli Sciallino perorano con forza il cambio di destinazione d&#8217;uso, mentre gli locali cerialesi sarebbero disponibili a valutare la possibilit\u00e0 di concedere un permesso per costruire un albergo, un polo artigianale oppure una struttura sanitaria privata (cos\u00ec che gli acquirenti del terreno matengano sul territorio i posti di lavoro persi). Un nuovo incontro si svolger\u00e0 la prossima settimana, mentre per il 6 dicembre \u00e8 fissata l&#8217;assemblea dei creditori (per lo pi\u00f9 istituti di credito) dell&#8217;impresa Sciallino. Provincia e Regione insieme ai sindacati cercheranno a breve di configurare un accordo di programma in grado di riattivare lo sviluppo della storica azienda. <\/p>\n","protected":false},"excerpt":{"rendered":"<p>Ceriale. Il futuro dei cantieri navali Sciallino \u00e8 stato al centro dell&#8217;incontro che si \u00e8 svolto oggi a Palazzo Nervi con la presenza istituzionale degli assessori regionali Enrico Vesco e Renzo Guccinelli, dell&#8217;assessore provinciale Giorgio Sambin, del sindaco cerialese Ennio Fazio, del commissario nominato dal tribunale Ambrogio Botta e del responsabile della liquidazione per conto [&hellip;]<\/p>\n","protected":false},"author":13744,"featured_media":0,"comment_status":"open","ping_status":"closed","sticky":false,"template":"","format":"standard","meta":{"footnotes":""},"categories":[35],"tags":[4014,85855,375,295,28768],"class_list":["post-229226","post","type-post","status-publish","format-standard","hentry","category-economia","tag-cantieri-navali","tag-ceriale","tag-provincia","tag-regione","tag-sciallino","post_cat_citta-ceriale"],"amp_validity":null,"amp_enabled":true,"_links":{"self":[{"href":"https:\/\/staging.ivg.it\/ediapi\/wp\/v2\/posts\/229226","targetHints":{"allow":["GET"]}}],"collection":[{"href":"https:\/\/staging.ivg.it\/ediapi\/wp\/v2\/posts"}],"about":[{"href":"https:\/\/staging.ivg.it\/ediapi\/wp\/v2\/types\/post"}],"author":[{"embeddable":true,"href":"https:\/\/staging.ivg.it\/ediapi\/wp\/v2\/users\/13744"}],"replies":[{"embeddable":true,"href":"https:\/\/staging.ivg.it\/ediapi\/wp\/v2\/comments?post=229226"}],"version-history":[{"count":0,"href":"https:\/\/staging.ivg.it\/ediapi\/wp\/v2\/posts\/229226\/revisions"}],"wp:attachment":[{"href":"https:\/\/staging.ivg.it\/ediapi\/wp\/v2\/media?parent=229226"}],"wp:term":[{"taxonomy":"category","embeddable":true,"href":"https:\/\/staging.ivg.it\/ediapi\/wp\/v2\/categories?post=229226"},{"taxonomy":"post_tag","embeddable":true,"href":"https:\/\/staging.ivg.it\/ediapi\/wp\/v2\/tags?post=229226"}],"curies":[{"name":"wp","href":"https:\/\/api.w.org\/{rel}","templated":true}]}}