{"id":229089,"date":"2012-11-06T17:24:14","date_gmt":"2012-11-06T16:24:14","guid":{"rendered":"http:\/\/www.ivg.it\/?p=229089"},"modified":"2012-11-07T12:14:48","modified_gmt":"2012-11-07T11:14:48","slug":"andora-con-il-depuratore-di-imperia-venerdi-la-pratica-in-giunta-regionale-burlando-si-comincia-subito","status":"publish","type":"post","link":"https:\/\/staging.ivg.it\/2012\/11\/andora-con-il-depuratore-di-imperia-venerdi-la-pratica-in-giunta-regionale-burlando-si-comincia-subito\/","title":{"rendered":"Andora con il depuratore di Imperia, venerd\u00ec la pratica in giunta regionale. Burlando: &#8220;Si comincia subito&#8221;"},"content":{"rendered":"<p><strong>Andora <\/strong>guarda ad Imperia per la depurazione. Non \u00e8 pi\u00f9 soltanto un&#8217;idea perorata dal sindaco Franco Floris, gia avallata con un &#8220;tweet&#8221; da Burlando, ma una possibilit\u00e0 che verr\u00e0 presa in considerazione dalla giunta della Regione gi\u00e0 il prossimo venerd\u00ec. Lo stesso governatore Claudio Burlando ne parla come dato assodato: &#8220;Mi pare vi sia un indirizzo condiviso. A questo punto l&#8217;assessore Briano con i suoi uffici pu\u00f2 procedere. Abbiamo ascoltato la proposta del sindaco Floris e abbiamo gi\u00e0 parlato con i presidenti provinciali Vaccarezza e Sappa&#8221;.<\/p>\n<p>Con la riforma delle Province e l&#8217;accorpamento tra gli enti di Savona e Imperia, anche l&#8217;Ato cesser\u00e0 di esistere. Di qui l&#8217;idea di Andora di collegare la sua fognatura con il depuratore di Imperia. &#8220;Sono da vagliare e risolvere le eventuali problematiche tecniche, ma la prospettiva della provincia unica ci vede gi\u00e0 al lavoro per vagliare tutte le opportunit\u00e0 che questa novit\u00e0 comporta. In questo progetto, naturalmente dobbiamo avere l&#8217;aiuto della Regione Liguria che gi\u00e0 per altro attiva sul tema dell&#8217;organizzazione e della gestione dell&#8217;acqua e dei comuni interessati&#8221; aveva detto il primo cittadino andorese.<\/p>\n<p>Il presidente Burlando traccia il percorso: &#8220;Anche usando le aree che si liberano dalle ferrovie, ma gi\u00e0 a cominciare da subito, si pu\u00f2 pensare di collegare Andora e il Dianese ad Imperia visto che il depuratore apre nei prossimi mesi ed \u00e8 dimensionato per poter ricevere questo conferimento&#8221;.<\/p>\n","protected":false},"excerpt":{"rendered":"<p>Andora guarda ad Imperia per la depurazione. Non \u00e8 pi\u00f9 soltanto un&#8217;idea perorata dal sindaco Franco Floris, gia avallata con un &#8220;tweet&#8221; da Burlando, ma una possibilit\u00e0 che verr\u00e0 presa in considerazione dalla giunta della Regione gi\u00e0 il prossimo venerd\u00ec. Lo stesso governatore Claudio Burlando ne parla come dato assodato: &#8220;Mi pare vi sia un [&hellip;]<\/p>\n","protected":false},"author":13744,"featured_media":0,"comment_status":"open","ping_status":"closed","sticky":false,"template":"","format":"standard","meta":{"footnotes":""},"categories":[31],"tags":[85847,284,1354,1589],"class_list":["post-229089","post","type-post","status-publish","format-standard","hentry","category-politica","tag-andora","tag-claudio-burlando","tag-depuratore","tag-depurazione"],"amp_validity":null,"amp_enabled":true,"_links":{"self":[{"href":"https:\/\/staging.ivg.it\/ediapi\/wp\/v2\/posts\/229089","targetHints":{"allow":["GET"]}}],"collection":[{"href":"https:\/\/staging.ivg.it\/ediapi\/wp\/v2\/posts"}],"about":[{"href":"https:\/\/staging.ivg.it\/ediapi\/wp\/v2\/types\/post"}],"author":[{"embeddable":true,"href":"https:\/\/staging.ivg.it\/ediapi\/wp\/v2\/users\/13744"}],"replies":[{"embeddable":true,"href":"https:\/\/staging.ivg.it\/ediapi\/wp\/v2\/comments?post=229089"}],"version-history":[{"count":0,"href":"https:\/\/staging.ivg.it\/ediapi\/wp\/v2\/posts\/229089\/revisions"}],"wp:attachment":[{"href":"https:\/\/staging.ivg.it\/ediapi\/wp\/v2\/media?parent=229089"}],"wp:term":[{"taxonomy":"category","embeddable":true,"href":"https:\/\/staging.ivg.it\/ediapi\/wp\/v2\/categories?post=229089"},{"taxonomy":"post_tag","embeddable":true,"href":"https:\/\/staging.ivg.it\/ediapi\/wp\/v2\/tags?post=229089"}],"curies":[{"name":"wp","href":"https:\/\/api.w.org\/{rel}","templated":true}]}}