{"id":228638,"date":"2012-10-31T16:37:53","date_gmt":"2012-10-31T15:37:53","guid":{"rendered":"http:\/\/www.ivg.it\/?p=228638"},"modified":"2012-11-02T08:05:31","modified_gmt":"2012-11-02T07:05:31","slug":"fruttital-albenga-incontro-lavoratori-azienda-fase-interlocutoria-proprieta-disposta-ad-ascoltarci","status":"publish","type":"post","link":"https:\/\/staging.ivg.it\/2012\/10\/fruttital-albenga-incontro-lavoratori-azienda-fase-interlocutoria-proprieta-disposta-ad-ascoltarci\/","title":{"rendered":"Fruttital Albenga, incontro lavoratori-azienda: &#8220;Fase interlocutoria, propriet\u00e0 disposta ad ascoltarci&#8221;"},"content":{"rendered":"<p><strong>Albenga.<\/strong> Un incontro interlocutorio che, se non risolve la situazione dei 60 dipendenti Fruttital a rischio posto di lavoro, farebbe ben sperare nella volont\u00e0 di trattare da parte dell&#8217;azienda. E&#8217; quello che si \u00e8 svolto oggi fra i rappresentanti dei lavoratori e il gruppo Orsero per discutere delle prospettive legate alla delocalizzazione che prevede lo spostamento dello stabilimento albenganese in una nuova area della provincia.<\/p>\n<p>Dopo l&#8217;incontro con il sindaco di Albenga, Rosy Guarnieri, e quello con il presidente della Regione, Claudio Burlando, e all&#8217;indomani della votazione con la quale il parlamentino ingauno si \u00e8 impegnato a sostenere la causa dei dipendenti Fruttital, ecco una riunione ad hoc per scongiurare un futuro &#8220;nero&#8221;. <\/p>\n<p>&#8220;E&#8217; stato un incontro positivo e interlocutorio &#8211; dicono Cristiano Ghiglia, della Filcam Cgil, e Simone Pesce della Fisascat Cisl &#8211; nel corso del quale abbiamo potuto esprimere, davanti alla propriet\u00e0, la nostra contrariet\u00e0 al processo in atto. In particolare, non accettiamo che, da qui a tre mesi, si prospetti lo spettro della disoccupazione per 60 persone, per un processo di terziarizzazione a cui ci opponiamo&#8221;. <\/p>\n<p>&#8220;Non accetteremo mai che, da qui a gennaio, il lavoro di 60 dipendenti Fruttital venga sostituito da quello di una cooperativa &#8211; dicono i due rappresentanti dei lavoratori &#8211; L&#8217;azienda ci ha ascoltato, e, anche se non ci ha dato garanzie di fare passi indietro, si \u00e8 comunque dimostrata disponibile a discuterne. E cos\u00ec accadr\u00e0, il prossimo 12 novembre, probabilmente presso l&#8217;Unione Industriali&#8221;. <\/p>\n<p>&#8220;La prossima settimana, inoltre, vi saranno anche altri incontri sul tema, anche se dobbiamo conoscere ancora i particolari. Ringraziamo nel frattempo il Comune di Albenga per la votazione di ieri con la quale il consiglio ha espresso la sua vicinanza alla nostra causa. L&#8217;impegno poltiico, da qualsiasi parte arrivi, \u00e8 ben accetto&#8221; concludono Ghiglia e Pesce. <\/p>\n","protected":false},"excerpt":{"rendered":"<p>Albenga. Un incontro interlocutorio che, se non risolve la situazione dei 60 dipendenti Fruttital a rischio posto di lavoro, farebbe ben sperare nella volont\u00e0 di trattare da parte dell&#8217;azienda. E&#8217; quello che si \u00e8 svolto oggi fra i rappresentanti dei lavoratori e il gruppo Orsero per discutere delle prospettive legate alla delocalizzazione che prevede lo [&hellip;]<\/p>\n","protected":false},"author":2620,"featured_media":0,"comment_status":"open","ping_status":"closed","sticky":false,"template":"","format":"standard","meta":{"footnotes":""},"categories":[35],"tags":[85841,595,37747,26724,349,6234],"class_list":["post-228638","post","type-post","status-publish","format-standard","hentry","category-economia","tag-albenga","tag-crisi","tag-cristiano-ghiglia","tag-fruttital","tag-orsero","tag-simone-pesce","post_cat_citta-albenga"],"amp_validity":null,"amp_enabled":true,"_links":{"self":[{"href":"https:\/\/staging.ivg.it\/ediapi\/wp\/v2\/posts\/228638","targetHints":{"allow":["GET"]}}],"collection":[{"href":"https:\/\/staging.ivg.it\/ediapi\/wp\/v2\/posts"}],"about":[{"href":"https:\/\/staging.ivg.it\/ediapi\/wp\/v2\/types\/post"}],"author":[{"embeddable":true,"href":"https:\/\/staging.ivg.it\/ediapi\/wp\/v2\/users\/2620"}],"replies":[{"embeddable":true,"href":"https:\/\/staging.ivg.it\/ediapi\/wp\/v2\/comments?post=228638"}],"version-history":[{"count":0,"href":"https:\/\/staging.ivg.it\/ediapi\/wp\/v2\/posts\/228638\/revisions"}],"wp:attachment":[{"href":"https:\/\/staging.ivg.it\/ediapi\/wp\/v2\/media?parent=228638"}],"wp:term":[{"taxonomy":"category","embeddable":true,"href":"https:\/\/staging.ivg.it\/ediapi\/wp\/v2\/categories?post=228638"},{"taxonomy":"post_tag","embeddable":true,"href":"https:\/\/staging.ivg.it\/ediapi\/wp\/v2\/tags?post=228638"}],"curies":[{"name":"wp","href":"https:\/\/api.w.org\/{rel}","templated":true}]}}