{"id":228635,"date":"2012-10-31T15:31:35","date_gmt":"2012-10-31T14:31:35","guid":{"rendered":"http:\/\/www.ivg.it\/?p=228635"},"modified":"2012-10-31T15:31:35","modified_gmt":"2012-10-31T14:31:35","slug":"vado-tenta-di-rubare-una-giacca-da-800-euro-da-ego-romeno-arrestato","status":"publish","type":"post","link":"https:\/\/staging.ivg.it\/2012\/10\/vado-tenta-di-rubare-una-giacca-da-800-euro-da-ego-romeno-arrestato\/","title":{"rendered":"Vado, tenta di rubare una giacca da 800 euro da &#8220;Ego&#8221;: romeno arrestato"},"content":{"rendered":"<p><strong>Vado L<\/strong>. Aveva messo gli occhi su una giacca del valore di quasi 800 euro e, nonostante il capo di abbigliamento fosse assicurato all&#8217;espositore con una catenella, era riuscito a staccarlo ed appoggiarselo sul braccio. Un romeno di 32 anni, B.D., stava cercando di guadagnare l&#8217;uscita del negozio, &#8220;Ego&#8221; di Vado Ligure, quando una commessa lo ha notato e ha capito che c&#8217;era qualcosa di anomalo. Il &#8220;cliente&#8221; \u00e8 stato bloccato dalla dipendente dell&#8217;esercizio commerciale che, con una scusa, ha recuperato la giacca. A quel punto l&#8217;uomo \u00e8 scappato a gambe levate, ma \u00e8 stato inseguito dal titolare di Ego, Dario Ugo Baudino, che lo ha seguito in strada dove poi il romeno \u00e8 stato bloccato da una pattuglia dei carabinieri, allertati nel frattempo.<\/p>\n<p>L&#8217;uomo \u00e8 stato cos\u00ec arrestato per tentato furto aggravato. Per questo episodio, accaduto ieri mattina, B.D. oggi \u00e8 stato giudicato per direttissima. Il giudice ha convalidato il suo arresto e, tenendo conto anche della sua incensuratezza, lo ha scarcerato. Accogliendo la richiesta di termini a difesa del legale del romeno, l&#8217;avvocato De Marco (sostituito dal collega Massimo Badella), il processo \u00e8 stato poi rinviato al prossimo 5 novembre. L&#8217;imputato entro quella data dovrebbe risarcire i titolari del negozio di abbigliamento.<\/p>\n","protected":false},"excerpt":{"rendered":"<p>Vado L. Aveva messo gli occhi su una giacca del valore di quasi 800 euro e, nonostante il capo di abbigliamento fosse assicurato all&#8217;espositore con una catenella, era riuscito a staccarlo ed appoggiarselo sul braccio. Un romeno di 32 anni, B.D., stava cercando di guadagnare l&#8217;uscita del negozio, &#8220;Ego&#8221; di Vado Ligure, quando una commessa [&hellip;]<\/p>\n","protected":false},"author":2394,"featured_media":0,"comment_status":"open","ping_status":"closed","sticky":false,"template":"","format":"standard","meta":{"footnotes":""},"categories":[34],"tags":[1034,261],"class_list":["post-228635","post","type-post","status-publish","format-standard","hentry","category-cronaca","tag-furto","tag-vado","post_cat_citta-vado-ligure"],"amp_validity":null,"amp_enabled":true,"_links":{"self":[{"href":"https:\/\/staging.ivg.it\/ediapi\/wp\/v2\/posts\/228635","targetHints":{"allow":["GET"]}}],"collection":[{"href":"https:\/\/staging.ivg.it\/ediapi\/wp\/v2\/posts"}],"about":[{"href":"https:\/\/staging.ivg.it\/ediapi\/wp\/v2\/types\/post"}],"author":[{"embeddable":true,"href":"https:\/\/staging.ivg.it\/ediapi\/wp\/v2\/users\/2394"}],"replies":[{"embeddable":true,"href":"https:\/\/staging.ivg.it\/ediapi\/wp\/v2\/comments?post=228635"}],"version-history":[{"count":0,"href":"https:\/\/staging.ivg.it\/ediapi\/wp\/v2\/posts\/228635\/revisions"}],"wp:attachment":[{"href":"https:\/\/staging.ivg.it\/ediapi\/wp\/v2\/media?parent=228635"}],"wp:term":[{"taxonomy":"category","embeddable":true,"href":"https:\/\/staging.ivg.it\/ediapi\/wp\/v2\/categories?post=228635"},{"taxonomy":"post_tag","embeddable":true,"href":"https:\/\/staging.ivg.it\/ediapi\/wp\/v2\/tags?post=228635"}],"curies":[{"name":"wp","href":"https:\/\/api.w.org\/{rel}","templated":true}]}}