{"id":228588,"date":"2012-10-30T21:05:15","date_gmt":"2012-10-30T20:05:15","guid":{"rendered":"http:\/\/www.ivg.it\/?p=228588"},"modified":"2012-10-31T12:34:06","modified_gmt":"2012-10-31T11:34:06","slug":"pallanuoto-world-league-a-savona-il-c-t-alessandro-campagna-lobiettivo-di-fondo-e-rio-2016","status":"publish","type":"post","link":"https:\/\/staging.ivg.it\/2012\/10\/pallanuoto-world-league-a-savona-il-c-t-alessandro-campagna-lobiettivo-di-fondo-e-rio-2016\/","title":{"rendered":"Pallanuoto, World League a Savona. Il c.t. Alessandro Campagna: &#8220;L&#8217;obiettivo di fondo \u00e8 Rio 2016&#8221;"},"content":{"rendered":"<p><strong>Savona<\/strong>. Sono trascorsi due mesi e mezzo dal 12 agosto, giorno in cui il Settebello affront\u00f2 la Croazia per la medaglia d&#8217;oro olimpica. Gli azzurri tornarono a casa con un prestigioso argento, dopo un&#8217;esaltante cavalcata.<\/p>\n<p>Domani sera, alle ore 20, la nazionale italiana torner\u00e0 in acqua per una partita ufficiale. Lo far\u00e0 a Savona, nella piscina Zanelli, per il primo impegno di World League, contro la Russia.<\/p>\n<p>Stesso allenatore e buona parte della squadra invariata ma, di fatto, \u00e8 come un nuovo ciclo che si apre. L&#8217;Italia ambisce a restare nell&#8217;elite mondiale di questa disciplina. &#8220;La competitivit\u00e0 a livello internazionale \u00e8 altissima &#8211; dichiara il commissario tecnico Alessandro Campagna -. Noi abbiamo formato una squadra che sta nel vertice della pallanuoto mondiale da diverso tempo. Le Olimpiadi di Londra hanno lasciato un segno estremamente positivo, al di l\u00e0 della medaglia d&#8217;argento. Certo, c&#8217;\u00e8 un po&#8217; di rammarico che si deve trasformare in rabbia positiva per le prossime stagioni&#8221;.<\/p>\n<p>&#8220;C&#8217;\u00e8 un obiettivo strategico di fondo, quello programmatico, di preparare una squadra forte in funzione di Rio de Janeiro &#8211; spiega Campagna -. Ogni anno ci saranno delle tappe intermedie importanti, come i Mondiali di quest&#8217;anno, gli Europei del 2014, i Mondiali del 2015 e la World League, che sono tutte partite di livello internazionale necessarie a far crescere il gruppo. Inoltre c&#8217;\u00e8 l&#8217;inserimento di alcuni giovani che devono dimostrarmi di valere la nazionale italiana. E&#8217; giusto dare loro spazio soprattutto all&#8217;inizio del quadriennio, poi si faranno i consuntivi per cercare di preparare la squadra forte nel 2016&#8221;.<\/p>\n<p>Tra i nuovi atleti nel giro azzurro c&#8217;\u00e8 il savonese Luca Damonte. &#8220;Verr\u00e0 provato in questi giorni, \u00e8 un mancino e ce ne sono pochi. Come lui ho chiamato altri tre o quattro giovani, oltre ad altri quattro o cinque che fanno parte della squadra Under 18 che sta lavorando per il Mondiale di categoria a dicembre in Australia. E poi non dimentico i giocatori di una certa esperienza e di grande caratura che possono dare il loro aiuto&#8221;.<\/p>\n<p>&#8220;Adesso \u00e8 impensabile di poter fare un cambio generazionale in blocco con la competitivit\u00e0 che c&#8217;\u00e8. E poi i nostri giocatori pi\u00f9 bravi hanno ancora 28, 29, 30 anni e possono dare tanto. Per\u00f2 \u00e8 anche vero che bisogna dare spazio ai giovani. A fine novembre e nelle varie tappe di World League &#8211; conclude &#8211; ne prover\u00f2 altri, per valutare in quali condizioni sono&#8221;.<\/p>\n","protected":false},"excerpt":{"rendered":"<p>Savona. Sono trascorsi due mesi e mezzo dal 12 agosto, giorno in cui il Settebello affront\u00f2 la Croazia per la medaglia d&#8217;oro olimpica. Gli azzurri tornarono a casa con un prestigioso argento, dopo un&#8217;esaltante cavalcata. Domani sera, alle ore 20, la nazionale italiana torner\u00e0 in acqua per una partita ufficiale. Lo far\u00e0 a Savona, nella [&hellip;]<\/p>\n","protected":false},"author":13744,"featured_media":0,"comment_status":"open","ping_status":"closed","sticky":false,"template":"","format":"standard","meta":{"footnotes":""},"categories":[32],"tags":[1921,166,85850,35108,5798],"class_list":["post-228588","post","type-post","status-publish","format-standard","hentry","category-sport","tag-italia","tag-pallanuoto","tag-savona","tag-settebello","tag-world-league","post_cat_citta-savona"],"amp_validity":null,"amp_enabled":true,"_links":{"self":[{"href":"https:\/\/staging.ivg.it\/ediapi\/wp\/v2\/posts\/228588","targetHints":{"allow":["GET"]}}],"collection":[{"href":"https:\/\/staging.ivg.it\/ediapi\/wp\/v2\/posts"}],"about":[{"href":"https:\/\/staging.ivg.it\/ediapi\/wp\/v2\/types\/post"}],"author":[{"embeddable":true,"href":"https:\/\/staging.ivg.it\/ediapi\/wp\/v2\/users\/13744"}],"replies":[{"embeddable":true,"href":"https:\/\/staging.ivg.it\/ediapi\/wp\/v2\/comments?post=228588"}],"version-history":[{"count":0,"href":"https:\/\/staging.ivg.it\/ediapi\/wp\/v2\/posts\/228588\/revisions"}],"wp:attachment":[{"href":"https:\/\/staging.ivg.it\/ediapi\/wp\/v2\/media?parent=228588"}],"wp:term":[{"taxonomy":"category","embeddable":true,"href":"https:\/\/staging.ivg.it\/ediapi\/wp\/v2\/categories?post=228588"},{"taxonomy":"post_tag","embeddable":true,"href":"https:\/\/staging.ivg.it\/ediapi\/wp\/v2\/tags?post=228588"}],"curies":[{"name":"wp","href":"https:\/\/api.w.org\/{rel}","templated":true}]}}