{"id":228496,"date":"2012-10-29T17:31:15","date_gmt":"2012-10-29T16:31:15","guid":{"rendered":"http:\/\/www.ivg.it\/?p=228496"},"modified":"2012-10-30T10:45:07","modified_gmt":"2012-10-30T09:45:07","slug":"favoreggiamento-della-prostituzione-antonio-fameli-condannato-a-1-anno-e-4-mesi-di-reclusione","status":"publish","type":"post","link":"https:\/\/staging.ivg.it\/2012\/10\/favoreggiamento-della-prostituzione-antonio-fameli-condannato-a-1-anno-e-4-mesi-di-reclusione\/","title":{"rendered":"Favoreggiamento della prostituzione, Antonio Fameli condannato a 1 anno e 4 mesi di reclusione"},"content":{"rendered":"<p><strong>Savona.<\/strong> Un&#8217;intercettazione telefonica mette nuovamente nei guai Antonio Fameli, gi\u00e0 ampiamente protagonista delle cronache per la nota operazione &#8220;Carioca&#8221;, nell&#8217;ambito della quale \u00e8 finito in manette con le accuse di riciclaggio, trasferimento fraudolento di valori, reati tributari, attivit\u00e0 abusiva di intermediazione finanziaria e falso in atti notarili.<\/p>\n<p>Si tratta di una vicenda slegata dagli altri guai giudiziari dell&#8217;uomo, e che risale al 2010. Fameli, in questo caso, \u00e8 accusato di favoreggiamento della prostituzione e, oggi, \u00e8 stato condannato con rito abbreviato a un anno e 4 mesi di reclusione. Ad incastrare Fameli \u00e8 una conversazione telefonica con una ragazza alla quale l&#8217;uomo raccomanda di farsi bella in occasione di una cena con un &#8220;giudice&#8221; &#8211; che, poi, le indagini riveleranno essere un importante avvocato &#8211; su cui la giovane donna avrebbe fatto colpo. <\/p>\n<p>Nel corso del dialogo fra i due, Fameli non risparmia raccomandazioni e consigli alla avvenente ragazza su come comportarsi e come presentarsi alla cena con il professionista di sua conoscenza. Cena che si far\u00e0 e che, secondo l&#8217;accusa, si protrarr\u00e0 fino a tarda notte e lontano da ristoranti e tavole imbandite. <\/p>\n<p>Una versione che la stessa ragazza nega, sostenendo al contrario di essere semplicemente andata a cena con un uomo affascinante, col quale avrebbe solo cenato, e senza percepire alcun tipo di pagamento per quella serata. Oggi l&#8217;epilogo e la condanna per Fameli.<\/p>\n","protected":false},"excerpt":{"rendered":"<p>Savona. Un&#8217;intercettazione telefonica mette nuovamente nei guai Antonio Fameli, gi\u00e0 ampiamente protagonista delle cronache per la nota operazione &#8220;Carioca&#8221;, nell&#8217;ambito della quale \u00e8 finito in manette con le accuse di riciclaggio, trasferimento fraudolento di valori, reati tributari, attivit\u00e0 abusiva di intermediazione finanziaria e falso in atti notarili. Si tratta di una vicenda slegata dagli altri [&hellip;]<\/p>\n","protected":false},"author":13744,"featured_media":0,"comment_status":"open","ping_status":"closed","sticky":false,"template":"","format":"standard","meta":{"footnotes":""},"categories":[34],"tags":[31670,24503,2890,85850],"class_list":["post-228496","post","type-post","status-publish","format-standard","hentry","category-cronaca","tag-antonio-fameli","tag-favoreggiamento-prostituzione","tag-prostituzione","tag-savona","post_cat_citta-savona"],"amp_validity":null,"amp_enabled":true,"_links":{"self":[{"href":"https:\/\/staging.ivg.it\/ediapi\/wp\/v2\/posts\/228496","targetHints":{"allow":["GET"]}}],"collection":[{"href":"https:\/\/staging.ivg.it\/ediapi\/wp\/v2\/posts"}],"about":[{"href":"https:\/\/staging.ivg.it\/ediapi\/wp\/v2\/types\/post"}],"author":[{"embeddable":true,"href":"https:\/\/staging.ivg.it\/ediapi\/wp\/v2\/users\/13744"}],"replies":[{"embeddable":true,"href":"https:\/\/staging.ivg.it\/ediapi\/wp\/v2\/comments?post=228496"}],"version-history":[{"count":0,"href":"https:\/\/staging.ivg.it\/ediapi\/wp\/v2\/posts\/228496\/revisions"}],"wp:attachment":[{"href":"https:\/\/staging.ivg.it\/ediapi\/wp\/v2\/media?parent=228496"}],"wp:term":[{"taxonomy":"category","embeddable":true,"href":"https:\/\/staging.ivg.it\/ediapi\/wp\/v2\/categories?post=228496"},{"taxonomy":"post_tag","embeddable":true,"href":"https:\/\/staging.ivg.it\/ediapi\/wp\/v2\/tags?post=228496"}],"curies":[{"name":"wp","href":"https:\/\/api.w.org\/{rel}","templated":true}]}}