{"id":228245,"date":"2012-10-25T15:02:57","date_gmt":"2012-10-25T13:02:57","guid":{"rendered":"http:\/\/www.ivg.it\/?p=228245"},"modified":"2012-10-25T16:52:09","modified_gmt":"2012-10-25T14:52:09","slug":"meteo-da-domani-piogge-e-freddo-allerta-1-in-liguria","status":"publish","type":"post","link":"https:\/\/staging.ivg.it\/2012\/10\/meteo-da-domani-piogge-e-freddo-allerta-1-in-liguria\/","title":{"rendered":"Meteo, da domani piogge e freddo: allerta 1 in Liguria"},"content":{"rendered":"<p><strong>Liguria.<\/strong> Allerta meteo 1 a partire da domani in Liguria. Le piogge insisteranno gi\u00e0 dalle prime ore della mattinata, da ponente a levante, con possibilit\u00e0 di temporali in serata. Nel Savonese la situazione dovrebbe essere sotto controllo: l&#8217;avviso \u00e8 comunque quello di monitorare le zone pi\u00f9 a rischio, come Varazze, colpita duramente dall&#8217;alluvione di due anni fa. <\/p>\n<p>Stessa situazione sabato, con una parziale attenuazione dei fenomeni nel pomeriggio. A partire dalla serata i venti si faranno pi\u00f9 forti. Il comunicato della protezione civile della nostra regione parla di una &#8220;possibile criticit\u00e0 idrogeologica ordinaria&#8221;, confermando l\u2019allerta 1 per piogge dalle 6:00 di domani mattina, venerd\u00ec 26 ottobre, alle 12:00 di sabato 27 ottobre.<\/p>\n<p>Dalla serata di sabato, l&#8217;ingresso di area fredda determiner\u00e0 un brusco calo delle temperature con neve a quote basse. Possibili mareggiate sulle coste. <\/p>\n<p>Domenica permangono precipitazioni diffuse, nevose fino a quote basse sui rilievi. Sui versanti marittimi si attendono piogge di intensit\u00e0 debole o moderata. L\u2019allerta 1 idrogeologico interesser\u00e0 particolarmente la zona dello Spezzino e del Genovese. <\/p>\n","protected":false},"excerpt":{"rendered":"<p>Liguria. Allerta meteo 1 a partire da domani in Liguria. Le piogge insisteranno gi\u00e0 dalle prime ore della mattinata, da ponente a levante, con possibilit\u00e0 di temporali in serata. Nel Savonese la situazione dovrebbe essere sotto controllo: l&#8217;avviso \u00e8 comunque quello di monitorare le zone pi\u00f9 a rischio, come Varazze, colpita duramente dall&#8217;alluvione di due [&hellip;]<\/p>\n","protected":false},"author":13744,"featured_media":0,"comment_status":"open","ping_status":"closed","sticky":false,"template":"","format":"standard","meta":{"footnotes":""},"categories":[34],"tags":[3144,393,651,652],"class_list":["post-228245","post","type-post","status-publish","format-standard","hentry","category-cronaca","tag-allerta-meteo","tag-liguria","tag-maltempo","tag-meteo","post_cat_citta-andora"],"amp_validity":null,"amp_enabled":true,"_links":{"self":[{"href":"https:\/\/staging.ivg.it\/ediapi\/wp\/v2\/posts\/228245","targetHints":{"allow":["GET"]}}],"collection":[{"href":"https:\/\/staging.ivg.it\/ediapi\/wp\/v2\/posts"}],"about":[{"href":"https:\/\/staging.ivg.it\/ediapi\/wp\/v2\/types\/post"}],"author":[{"embeddable":true,"href":"https:\/\/staging.ivg.it\/ediapi\/wp\/v2\/users\/13744"}],"replies":[{"embeddable":true,"href":"https:\/\/staging.ivg.it\/ediapi\/wp\/v2\/comments?post=228245"}],"version-history":[{"count":0,"href":"https:\/\/staging.ivg.it\/ediapi\/wp\/v2\/posts\/228245\/revisions"}],"wp:attachment":[{"href":"https:\/\/staging.ivg.it\/ediapi\/wp\/v2\/media?parent=228245"}],"wp:term":[{"taxonomy":"category","embeddable":true,"href":"https:\/\/staging.ivg.it\/ediapi\/wp\/v2\/categories?post=228245"},{"taxonomy":"post_tag","embeddable":true,"href":"https:\/\/staging.ivg.it\/ediapi\/wp\/v2\/tags?post=228245"}],"curies":[{"name":"wp","href":"https:\/\/api.w.org\/{rel}","templated":true}]}}