{"id":228241,"date":"2012-10-25T14:51:00","date_gmt":"2012-10-25T12:51:00","guid":{"rendered":"http:\/\/www.ivg.it\/?p=228241"},"modified":"2012-10-25T20:10:03","modified_gmt":"2012-10-25T18:10:03","slug":"lesperienza-del-parco-del-beigua-per-migliorare-la-tutela-dei-territori-vicini-se-ne-discute-a-savona","status":"publish","type":"post","link":"https:\/\/staging.ivg.it\/2012\/10\/lesperienza-del-parco-del-beigua-per-migliorare-la-tutela-dei-territori-vicini-se-ne-discute-a-savona\/","title":{"rendered":"L&#8217;esperienza del Parco del Beigua per migliorare la tutela dei territori vicini: se ne discute a Savona"},"content":{"rendered":"<p><strong>Savona<\/strong>. Proseguono le iniziative nell&#8217;ambito di &#8220;Paesaggi sensibili&#8221;, la settimana nazionale di Italia Nostra che si tiene da luned\u00ec 22 a domenica 28 ottobre.<\/p>\n<p>&#8220;Godiamoci l\u2019entroterra&#8230; ma proteggiamolo&#8221; \u00e8 il tema di un incontro che si terr\u00e0 domani, venerd\u00ec 26 ottobre alle ore 21, presso la sala consiliare del Comune di Savona.<\/p>\n<p>Si discuter\u00e0 di come utilizzare l&#8217;esperienza del Parco del Beigua per migliorare la tutela delle zone dei territori vicini, che parco non sono.<\/p>\n<p>In primo luogo si parler\u00e0 di cosa \u00e8 il Parco del Beigua, come lo possiamo usare e che effetti ha avuto anche fuori dei suoi confini. A seguire, discussione sulle prospettive relative al bosco demaniale di Cadibona ed ai boschi della Valle del Santuario; come pu\u00f2 diventare una zona produttiva, di svago, di protezione del territorio negli eventi alluvionali.<\/p>\n<p>Si parler\u00e0 quindi del Sito di Interesse Comunitario del Finalese: non c\u2019\u00e8 bisogno di fare un parco se si vuole valorizzare e proteggere una zona pregiata del territorio, bastano esperienza, idee e, pochi, soldi.<\/p>\n<p>Conclusione con il discorso sulla tutela data dal Piano Territoriale di Coordinamento Paesistico: \u00e8 lo strumento che riguarda tutto il territorio e quindi ci riguarda tutti.<\/p>\n<p>Nella settimana prossima sar\u00e0 organizzata una gita nel Parco del Beigua. Per informazioni \u00e8 possibile rivolgersi a Mariangela Goeta al numero 3339394601 o scrivendo a <a href=\"mailto:mariangelagoeta@tiscali.it\">mariangelagoeta@tiscali.it<\/a>.<\/p>\n","protected":false},"excerpt":{"rendered":"<p>Savona. Proseguono le iniziative nell&#8217;ambito di &#8220;Paesaggi sensibili&#8221;, la settimana nazionale di Italia Nostra che si tiene da luned\u00ec 22 a domenica 28 ottobre. &#8220;Godiamoci l\u2019entroterra&#8230; ma proteggiamolo&#8221; \u00e8 il tema di un incontro che si terr\u00e0 domani, venerd\u00ec 26 ottobre alle ore 21, presso la sala consiliare del Comune di Savona. Si discuter\u00e0 di [&hellip;]<\/p>\n","protected":false},"author":13744,"featured_media":0,"comment_status":"open","ping_status":"closed","sticky":false,"template":"","format":"standard","meta":{"footnotes":""},"categories":[],"tags":[2824,86125,85850],"class_list":["post-228241","post","type-post","status-publish","format-standard","hentry","tag-italia-nostra","tag-parco-del-beigua","tag-savona","post_cat_citta-savona"],"amp_validity":null,"amp_enabled":true,"_links":{"self":[{"href":"https:\/\/staging.ivg.it\/ediapi\/wp\/v2\/posts\/228241","targetHints":{"allow":["GET"]}}],"collection":[{"href":"https:\/\/staging.ivg.it\/ediapi\/wp\/v2\/posts"}],"about":[{"href":"https:\/\/staging.ivg.it\/ediapi\/wp\/v2\/types\/post"}],"author":[{"embeddable":true,"href":"https:\/\/staging.ivg.it\/ediapi\/wp\/v2\/users\/13744"}],"replies":[{"embeddable":true,"href":"https:\/\/staging.ivg.it\/ediapi\/wp\/v2\/comments?post=228241"}],"version-history":[{"count":0,"href":"https:\/\/staging.ivg.it\/ediapi\/wp\/v2\/posts\/228241\/revisions"}],"wp:attachment":[{"href":"https:\/\/staging.ivg.it\/ediapi\/wp\/v2\/media?parent=228241"}],"wp:term":[{"taxonomy":"category","embeddable":true,"href":"https:\/\/staging.ivg.it\/ediapi\/wp\/v2\/categories?post=228241"},{"taxonomy":"post_tag","embeddable":true,"href":"https:\/\/staging.ivg.it\/ediapi\/wp\/v2\/tags?post=228241"}],"curies":[{"name":"wp","href":"https:\/\/api.w.org\/{rel}","templated":true}]}}