{"id":228072,"date":"2012-10-22T21:40:02","date_gmt":"2012-10-22T19:40:02","guid":{"rendered":"http:\/\/www.ivg.it\/?p=228072"},"modified":"2012-10-23T11:32:50","modified_gmt":"2012-10-23T09:32:50","slug":"pronto-rimpasto-al-volo-in-giunta-regionale-scialfa-vicepresidente-cascino-allurbanistica-e-fusco-capogruppo-idv","status":"publish","type":"post","link":"https:\/\/staging.ivg.it\/2012\/10\/pronto-rimpasto-al-volo-in-giunta-regionale-scialfa-vicepresidente-cascino-allurbanistica-e-fusco-capogruppo-idv\/","title":{"rendered":"Pronto rimpasto al volo in giunta regionale: Scialfa vicepresidente, Cascino all\u2019Urbanistica e Fusco capogruppo Idv"},"content":{"rendered":"<p><strong>Regione<\/strong>. Si prospetta un mini-rimpasto della giunta regionale dopo l&#8217;uscita di scena di Marylin Fusco, che si \u00e8 dimessa dopo aver ricevuto l&#8217;avviso di garanzia nell&#8217;ambito dell&#8217;indagine sul porto di Ospedaletti. La Fusco diventa capogruppo dell&#8217;Idv in consiglio regionale al posto di Nicol\u00f2 Scialfa il quale, a sua volta, rileva la delega allo Sport e al Personale da Gabriele Cascino. Quest&#8217;ultimo passa all&#8217;Urbanistica, assumendo l&#8217;assessorato al posto dell&#8217;esponente dipietrista dimissionaria.  <\/p>\n<p>Un rimpasto sul quale c&#8217;\u00e8 l&#8217;imprimatur dell&#8217;Italia dei Valori, con i suoi consiglieri oggi impegnati in una girandola d&#8217;incontri sino a tarda sera, ma che soltanto domani dovrebbe essere formalizzato dal governatore Burlando. Quindi vicepresidenza (ovvero ruolo prettamente istituzionale) con le deleghe attualmente di Cascino a Scialfa, consigliere eletto, e a Cascino invece, assessore esterno, un incarico di responsabilit\u00e0 nell&#8217;Urbanistica. Il tutto con una quadra che lascia intoccati gli altri posti dell&#8217;esecutivo. <\/p>\n<p>Per l&#8217;intera giornata, dentro e fuori dall&#8217;aula, ha tenuto banco il caso Fusco. Lo stesso Scialfa da capogruppo ha illustrato la posizione dell&#8217;Italida dei Valori: &#8220;Nel nostro gruppo non c&#8217;\u00e8 nessuna lotta e nessuno di noi vuol fare opera di sciacallaggio, anzi il dato emerso in modo maggiore \u00e8 che siamo dei politici ma anche esseri umani. Qualcuno accusa l&#8217;Idv di essere un partito giustizialista: \u00e8 possibile che alcuni a livello nazionale lo siano, ma nel gruppo in Regione Liguria siamo tutti e cinque garantisti, il che non vuol dire essere a favore dell&#8217;impunit\u00e0 ma sostenere l&#8217;innocenza fino a che non si \u00e8 giudicati colpevoli&#8221;. <\/p>\n<p>&#8220;Siamo anche contrari che ci si dimetta solo per aver ricevuto un avviso di garanzia: in una fase di aspra lotta politica basterebbe, infatti, ben poco per mettere fuori gioco un concorrente &#8211; ha aggiunto Scialfa &#8211; Non siamo qui per difendere la casta siamo per difendere il diritto e le istituzioni. In quanto al ruolo dell&#8217;informazione, di solito le guerre scoppiano perch\u00e9 i giornalisti pubblicano quello che un politico ha detto loro e che subito dopo si \u00e8 dimenticato. Pi\u00f9 che mettere sotto accusa la stampa dovremmo, quindi, accusare i politici stessi. Tuttavia un dibattito serio sul rapporto fra informazione, politica e cittadini va fatto e ricordo che oggi in Italia \u00e8 in pericolo la democrazia&#8221;. <\/p>\n<p>&#8220;Ho saputo delle dimissioni di Marylin Fusco alle 15,10 di sabato e non ho notizia di interventi romani: la sua \u00e8 stata, quindi, una decisione personale di cui, nonostante sia il capogruppo, sono stato informato a cose fatte&#8221; ha concluso Scialfa. <\/p>\n","protected":false},"excerpt":{"rendered":"<p>Regione. Si prospetta un mini-rimpasto della giunta regionale dopo l&#8217;uscita di scena di Marylin Fusco, che si \u00e8 dimessa dopo aver ricevuto l&#8217;avviso di garanzia nell&#8217;ambito dell&#8217;indagine sul porto di Ospedaletti. La Fusco diventa capogruppo dell&#8217;Idv in consiglio regionale al posto di Nicol\u00f2 Scialfa il quale, a sua volta, rileva la delega allo Sport e [&hellip;]<\/p>\n","protected":false},"author":13744,"featured_media":0,"comment_status":"open","ping_status":"closed","sticky":false,"template":"","format":"standard","meta":{"footnotes":""},"categories":[31],"tags":[284,595,24037,2062,2492,2444,22412,25351,295,6533],"class_list":["post-228072","post","type-post","status-publish","format-standard","hentry","category-politica","tag-claudio-burlando","tag-crisi","tag-gabriele-cascino","tag-giunta","tag-idv","tag-italia-dei-valori","tag-marylin-fusco","tag-nicolo-scialfa","tag-regione","tag-rimpasto","post_cat_citta-andora"],"amp_validity":null,"amp_enabled":true,"_links":{"self":[{"href":"https:\/\/staging.ivg.it\/ediapi\/wp\/v2\/posts\/228072","targetHints":{"allow":["GET"]}}],"collection":[{"href":"https:\/\/staging.ivg.it\/ediapi\/wp\/v2\/posts"}],"about":[{"href":"https:\/\/staging.ivg.it\/ediapi\/wp\/v2\/types\/post"}],"author":[{"embeddable":true,"href":"https:\/\/staging.ivg.it\/ediapi\/wp\/v2\/users\/13744"}],"replies":[{"embeddable":true,"href":"https:\/\/staging.ivg.it\/ediapi\/wp\/v2\/comments?post=228072"}],"version-history":[{"count":0,"href":"https:\/\/staging.ivg.it\/ediapi\/wp\/v2\/posts\/228072\/revisions"}],"wp:attachment":[{"href":"https:\/\/staging.ivg.it\/ediapi\/wp\/v2\/media?parent=228072"}],"wp:term":[{"taxonomy":"category","embeddable":true,"href":"https:\/\/staging.ivg.it\/ediapi\/wp\/v2\/categories?post=228072"},{"taxonomy":"post_tag","embeddable":true,"href":"https:\/\/staging.ivg.it\/ediapi\/wp\/v2\/tags?post=228072"}],"curies":[{"name":"wp","href":"https:\/\/api.w.org\/{rel}","templated":true}]}}