{"id":228015,"date":"2012-10-22T11:49:48","date_gmt":"2012-10-22T09:49:48","guid":{"rendered":"http:\/\/www.ivg.it\/?p=228015"},"modified":"2012-10-22T14:37:04","modified_gmt":"2012-10-22T12:37:04","slug":"riordino-province-pronto-il-decreto-confermato-laccorpamento-savona-imperia","status":"publish","type":"post","link":"https:\/\/staging.ivg.it\/2012\/10\/riordino-province-pronto-il-decreto-confermato-laccorpamento-savona-imperia\/","title":{"rendered":"Riordino Province, pronto il decreto: confermato l&#8217;accorpamento Savona-Imperia"},"content":{"rendered":"<p><strong>Provincia<\/strong>. Strada (quasi) dettata per l&#8217;accorpamento delle province di Savona e Imperia. La geografia amministrativa \u00e8 pronta a cambiare: \u00e8 pronto il decreto sulla riforma degli enti che ai primi di novembre approder\u00e0 al tavolo del consiglio dei ministri. Il governo, nonostante le polemiche che arrivano dai territori, non vuole retrocedere e spinge sulla spending review: gli enti con meno di 350 mila abitanti e sotto i 2.500 chilometri quadrati dovranno essere accorpati. <\/p>\n<p>Per la Provincia di Savona significa, quindi, la preventivata fusione con l&#8217;omologa struttura di Imperia. Per giovedi e venerd\u00ec sono state indette due assemblee del personale con i presidenti Angelo Vaccarezza e Luigi Sappa. E&#8217; un&#8217;incognita, infatti, ad oggi, la distribuzione dei compiti e la collocazione del personale in forza alle due organizzazioni territoriali. Per ora si sa soltanto che dal 2013, nell&#8217;idea del governo, le Province saranno commissariate garantendo ai dipendenti la possibilit\u00e0 di trasferimento. Il ministro Patroni Griffi al Corriere della Sera ha riferito che &#8220;per il momento non ci sar\u00e0 una contrazione del personale ma ci potrebbe essere uno spostamento fisico&#8221;. <\/p>\n<p>&#8220;Come delegato Upi mi sto adoperando con il governo affinch\u00e9 le competenze che rimarranno alle Province abbiano un\u2019adeguata copertura finanziaria poich\u00e9, e questo desidero ribadirlo, le Province &#8216;spendono&#8217; e non &#8216;costano&#8217; &#8211; ha detto Vaccarezza &#8211; Questa differenza \u00e8 fondamentale per far comprendere che i fondi a nostra disposizione vengono spesi per offrire servizi alla comunit\u00e0 che riguardano formazione, cultura, turismo, trasporti, ambiente, centri per l\u2019impiego, servizi alle imprese, viabilit\u00e0, edilizia, urbanistica, rifiuti, agricoltura, caccia e pesca protezione civile, sicurezza&#8221;.<\/p>\n<p>&#8220;Nel contempo &#8211; ha aggiunto &#8211; chiare sono le nostre richieste alla Regione, e sulle quali non siamo disposti a trattare, relative le deleghe che devono rimanere di competenza delle province, poich\u00e9 sono le Province che vivono e conoscono il territorio e le sue dinamiche. Dinamiche molteplici che per il loro funzionamento hanno bisogno dello straordinario lavoro delle tante professionalit\u00e0 che lavorano in questi enti, il loro impegno sar\u00e0 il motore per il buon funzionamento del nuovo organismo. Siamo una squadra collaudata e vincente e per questo motivo sono certo che saremo in grado di affrontare le difficolt\u00e0 e combatteremo ogni tentativo di voler relegare la nostra squadra in panchin&#8221;a.<\/p>\n<p>&#8220;Il nostro compito &#8211; ha evidenziato inoltre Vaccarezza &#8211; sar\u00e0 quello di trasformare un\u2019imposizione in una grande opportunit\u00e0. Ci\u00f2 sar\u00e0 possibile dandoci quale assoluta priorit\u00e0 il benessere della comunit\u00e0; l\u2019Ente provincia pur se rinnovato continuer\u00e0 ad esistere ed a questo fine avr\u00e0 ancor pi\u00f9 bisogno di quelle competenze e professionalit\u00e0 che solo i dipendenti provinciali che hanno servito per anni questi territori possono garantire&#8221;.<\/p>\n","protected":false},"excerpt":{"rendered":"<p>Provincia. Strada (quasi) dettata per l&#8217;accorpamento delle province di Savona e Imperia. La geografia amministrativa \u00e8 pronta a cambiare: \u00e8 pronto il decreto sulla riforma degli enti che ai primi di novembre approder\u00e0 al tavolo del consiglio dei ministri. Il governo, nonostante le polemiche che arrivano dai territori, non vuole retrocedere e spinge sulla spending [&hellip;]<\/p>\n","protected":false},"author":13744,"featured_media":0,"comment_status":"open","ping_status":"closed","sticky":false,"template":"","format":"standard","meta":{"footnotes":""},"categories":[31],"tags":[1022,2317,85994,22214,3026,375,85850,40841],"class_list":["post-228015","post","type-post","status-publish","format-standard","hentry","category-politica","tag-accorpamento","tag-angelo-vaccarezza","tag-imperia","tag-luigi-sappa","tag-province","tag-provincia","tag-savona","tag-spending-review","post_cat_citta-andora","post_cat_citta-savona"],"amp_validity":null,"amp_enabled":true,"_links":{"self":[{"href":"https:\/\/staging.ivg.it\/ediapi\/wp\/v2\/posts\/228015","targetHints":{"allow":["GET"]}}],"collection":[{"href":"https:\/\/staging.ivg.it\/ediapi\/wp\/v2\/posts"}],"about":[{"href":"https:\/\/staging.ivg.it\/ediapi\/wp\/v2\/types\/post"}],"author":[{"embeddable":true,"href":"https:\/\/staging.ivg.it\/ediapi\/wp\/v2\/users\/13744"}],"replies":[{"embeddable":true,"href":"https:\/\/staging.ivg.it\/ediapi\/wp\/v2\/comments?post=228015"}],"version-history":[{"count":0,"href":"https:\/\/staging.ivg.it\/ediapi\/wp\/v2\/posts\/228015\/revisions"}],"wp:attachment":[{"href":"https:\/\/staging.ivg.it\/ediapi\/wp\/v2\/media?parent=228015"}],"wp:term":[{"taxonomy":"category","embeddable":true,"href":"https:\/\/staging.ivg.it\/ediapi\/wp\/v2\/categories?post=228015"},{"taxonomy":"post_tag","embeddable":true,"href":"https:\/\/staging.ivg.it\/ediapi\/wp\/v2\/tags?post=228015"}],"curies":[{"name":"wp","href":"https:\/\/api.w.org\/{rel}","templated":true}]}}