{"id":228014,"date":"2012-10-22T11:41:54","date_gmt":"2012-10-22T09:41:54","guid":{"rendered":"http:\/\/www.ivg.it\/?p=228014"},"modified":"2012-10-22T17:39:11","modified_gmt":"2012-10-22T15:39:11","slug":"bocce-volo-serie-b-carcare-e-vadese-giornata-da-dimenticare","status":"publish","type":"post","link":"https:\/\/staging.ivg.it\/2012\/10\/bocce-volo-serie-b-carcare-e-vadese-giornata-da-dimenticare\/","title":{"rendered":"Bocce volo, Serie B: Carcare e Vadese, giornata da dimenticare"},"content":{"rendered":"<p><strong>Vado Ligure<\/strong>. Giornata negativa per Vadese e La Boccia Carcare, entrambe sconfitte.<\/p>\n<p>La societ\u00e0 del presidente Pietro Bovero in settimana si \u00e8 rinforzata con l&#8217;arrivo di Bianchi, ma non \u00e8 stato sufficiente per tenere testa all&#8217;Auxilium. Due le prove pareggiate e tre quelle vinte dai vadesi, sempre costretti ad inseguire gli avversari a causa di una brutta partenza.<\/p>\n<p>Il resoconto dell&#8217;incontro:<br \/>\nstaffetta: L. Ferrero \/ Caviglia 41\/52 &#8211; M. Mana \/ S. Mana 51\/59<br \/>\ncombinato: M. Bianchi \/ S. Mana 22 &#8211; 22<br \/>\ncombinato: R. Tomberli &#8211; Ariaudo 22 &#8211; 23<br \/>\ntiro precisione: Frombola &#8211; Dalmasso 13 &#8211; 14<br \/>\ntiro precisione: Polla Mattiot &#8211; Cortellazzi 17 &#8211; 8<br \/>\ntiro progressivo: Caviglia 32\/43 &#8211; Barale 30\/46<br \/>\nindividuale: R. Tomberli &#8211; Ariaudo 13 &#8211; 4<br \/>\ncoppia: M. Bianchi \/ Torrello &#8211; Cortellazzi \/ Gastaldi 6 &#8211; 13<br \/>\ncoppia: Maranzano \/ Polla Mattiot &#8211; Bertero \/ S. Mana 12 &#8211; 12<br \/>\nterna: L. Ferrero \/ Lucchini \/ N. Tomberli &#8211; S. Allemandi \/ Botta \/ Dalmasso 5 &#8211; 13<\/p>\n<p>La Boccia Carcare non \u00e8 mai stata in partita sui campi della Borgonese, ora capolista insieme al Nitri Aosta.<\/p>\n<p>Il riepilogo del match:<br \/>\nstaffetta: Giordanino \/ A. Allemandi 50\/59 &#8211; D. Martina \/ L. Martina 39\/58<br \/>\ncombinato: Tiotto &#8211; Canetti 27 &#8211; 24<br \/>\ncombinato: Tabone &#8211; Baccino 28 &#8211; 24<br \/>\ntiro precisione: Parise &#8211; Versino 18 &#8211; 12<br \/>\ntiro precisione: Manzo &#8211; Ferraro 21 &#8211; 16<br \/>\ntiro progressivo: Giordanino 40\/45 &#8211; L. Martina 38\/45<br \/>\nindividuale: Tiotto &#8211; Baccino 13 &#8211; 11<br \/>\ncoppia: Parise \/ Martucci &#8211; Ferraro \/ Trucco 6 &#8211; 13<br \/>\ncoppia: Tabone \/ Am\u00e8 &#8211; Marte \/ Versino 13 &#8211; 5<br \/>\nterna: Manzo \/ Bruno \/ Pettigiani &#8211; Bongiovanni \/ Levratto \/ D. Martina 11 &#8211; 11<\/p>\n","protected":false},"excerpt":{"rendered":"<p>Vado Ligure. Giornata negativa per Vadese e La Boccia Carcare, entrambe sconfitte. La societ\u00e0 del presidente Pietro Bovero in settimana si \u00e8 rinforzata con l&#8217;arrivo di Bianchi, ma non \u00e8 stato sufficiente per tenere testa all&#8217;Auxilium. Due le prove pareggiate e tre quelle vinte dai vadesi, sempre costretti ad inseguire gli avversari a causa di [&hellip;]<\/p>\n","protected":false},"author":18,"featured_media":0,"comment_status":"open","ping_status":"closed","sticky":false,"template":"","format":"standard","meta":{"footnotes":""},"categories":[32],"tags":[4254,10823,711,43012,85979],"class_list":["post-228014","post","type-post","status-publish","format-standard","hentry","category-sport","tag-bocce-volo","tag-la-boccia-carcare","tag-serie-b","tag-vadese","tag-vado-ligure","post_cat_citta-carcare","post_cat_citta-vado-ligure"],"amp_validity":null,"amp_enabled":true,"_links":{"self":[{"href":"https:\/\/staging.ivg.it\/ediapi\/wp\/v2\/posts\/228014","targetHints":{"allow":["GET"]}}],"collection":[{"href":"https:\/\/staging.ivg.it\/ediapi\/wp\/v2\/posts"}],"about":[{"href":"https:\/\/staging.ivg.it\/ediapi\/wp\/v2\/types\/post"}],"author":[{"embeddable":true,"href":"https:\/\/staging.ivg.it\/ediapi\/wp\/v2\/users\/18"}],"replies":[{"embeddable":true,"href":"https:\/\/staging.ivg.it\/ediapi\/wp\/v2\/comments?post=228014"}],"version-history":[{"count":0,"href":"https:\/\/staging.ivg.it\/ediapi\/wp\/v2\/posts\/228014\/revisions"}],"wp:attachment":[{"href":"https:\/\/staging.ivg.it\/ediapi\/wp\/v2\/media?parent=228014"}],"wp:term":[{"taxonomy":"category","embeddable":true,"href":"https:\/\/staging.ivg.it\/ediapi\/wp\/v2\/categories?post=228014"},{"taxonomy":"post_tag","embeddable":true,"href":"https:\/\/staging.ivg.it\/ediapi\/wp\/v2\/tags?post=228014"}],"curies":[{"name":"wp","href":"https:\/\/api.w.org\/{rel}","templated":true}]}}