{"id":228000,"date":"2012-10-22T08:36:11","date_gmt":"2012-10-22T06:36:11","guid":{"rendered":"http:\/\/www.ivg.it\/?p=228000"},"modified":"2012-10-22T08:36:11","modified_gmt":"2012-10-22T06:36:11","slug":"caccia-due-incidenti-mortali-in-italia-nel-weekend-riaccendono-le-polemiche","status":"publish","type":"post","link":"https:\/\/staging.ivg.it\/2012\/10\/caccia-due-incidenti-mortali-in-italia-nel-weekend-riaccendono-le-polemiche\/","title":{"rendered":"Caccia, due incidenti mortali in Italia nel weekend riaccendono le polemiche"},"content":{"rendered":"<p>Gli ultimi due giorni hanno fatto registrare altrettanti incidenti mortali durante battute di caccia. Quanto basta per far ripartire le polemiche sull&#8217;argomento: a chiedere di fermare la &#8220;strage di civili&#8221; \u00e8 l&#8217;Associazione vittime della caccia, secondo cui &#8220;in neppure 35 giorni ci sono gi\u00e0 stati 13 morti e 33 feriti ad opera di armi da caccia&#8221;. <\/p>\n<p>&#8220;Incidenti come quelli avvenuti nelle ultime ore &#8211; spiega Osvaldo Veneziano, presidente dell&#8217;Arcicaccia &#8211; possono accadere a chiunque. Anche a chi guida l&#8217;auto, fa sci e pratica l&#8217;alpinismo&#8221; e invita a &#8220;non demonizzare&#8221; l&#8217;attivit\u00e0 venatoria ma chiede anche ai cacciatori di rispettare le norme di sicurezza, che peraltro &#8220;andrebbero perfezionate&#8221;. <\/p>\n<p>Gli incidenti che hanno riaperto le polemiche sono avvenuti nel weekend. Nel primo, nel pavese, sabato \u00e8 morto un ragazzo di 16 anni, ucciso da una fucilata esplosa per errore dal suo amico che mirava ad una lepre. Nel secondo, avvenuto nel pomeriggio di ieri, \u00e8 morto un cacciatore di 64 anni per un colpo partito accidentalmente dal fucile del nipote di 25 anni. L&#8217;Associazione vittime della caccia, che parla di &#8220;strage&#8221;: &#8220;La questione non \u00e8 pi\u00f9 su caccia s\u00ec\/caccia no, qui si tratta di fermare una vera strage. Le opinioni contano poco di fronte a questi fatti &#8211; precisa Daniela Casprini presidente dell&#8217;Associazione Vittime della caccia -. Infatti c&#8217;\u00e9 da aggiungere ben poco, se la morte di persone innocenti, di bambini sacrificati alla caccia&#8230; passano nell&#8217;indifferenza&#8221;. <\/p>\n<p>&#8220;Esprimo il mio cordoglio e dolore alle famiglie delle vittime &#8211; sottolinea Veneziano -. Non posso per\u00f2 non condannare lo sciacallaggio cui stiamo assistendo in questi giorni: gli incidenti non vanno utilizzati per strumentalizzare l&#8217;opinione pubblica, e trascinarla con s\u00e9 in una campagna anti-caccia&#8221;. I due incidenti, secondo Veneziano, &#8220;sono accaduti in un contesto in cui non c&#8217;\u00e9 stato il rispetto delle norme di sicurezza. Nel primo caso, per la verit\u00e0, un piccolo furto, quello delle armi dei genitori, ha avuto conseguenze tragiche&#8221;. Nel secondo, probabilmente, &#8220;non sono state rispettate le distanze di sicurezza&#8221;.<\/p>\n","protected":false},"excerpt":{"rendered":"<p>Gli ultimi due giorni hanno fatto registrare altrettanti incidenti mortali durante battute di caccia. Quanto basta per far ripartire le polemiche sull&#8217;argomento: a chiedere di fermare la &#8220;strage di civili&#8221; \u00e8 l&#8217;Associazione vittime della caccia, secondo cui &#8220;in neppure 35 giorni ci sono gi\u00e0 stati 13 morti e 33 feriti ad opera di armi da [&hellip;]<\/p>\n","protected":false},"author":13744,"featured_media":0,"comment_status":"open","ping_status":"closed","sticky":false,"template":"","format":"standard","meta":{"footnotes":""},"categories":[56],"tags":[899],"class_list":["post-228000","post","type-post","status-publish","format-standard","hentry","category-altre","tag-caccia","post_cat_citta-andora"],"amp_validity":null,"amp_enabled":true,"_links":{"self":[{"href":"https:\/\/staging.ivg.it\/ediapi\/wp\/v2\/posts\/228000","targetHints":{"allow":["GET"]}}],"collection":[{"href":"https:\/\/staging.ivg.it\/ediapi\/wp\/v2\/posts"}],"about":[{"href":"https:\/\/staging.ivg.it\/ediapi\/wp\/v2\/types\/post"}],"author":[{"embeddable":true,"href":"https:\/\/staging.ivg.it\/ediapi\/wp\/v2\/users\/13744"}],"replies":[{"embeddable":true,"href":"https:\/\/staging.ivg.it\/ediapi\/wp\/v2\/comments?post=228000"}],"version-history":[{"count":0,"href":"https:\/\/staging.ivg.it\/ediapi\/wp\/v2\/posts\/228000\/revisions"}],"wp:attachment":[{"href":"https:\/\/staging.ivg.it\/ediapi\/wp\/v2\/media?parent=228000"}],"wp:term":[{"taxonomy":"category","embeddable":true,"href":"https:\/\/staging.ivg.it\/ediapi\/wp\/v2\/categories?post=228000"},{"taxonomy":"post_tag","embeddable":true,"href":"https:\/\/staging.ivg.it\/ediapi\/wp\/v2\/tags?post=228000"}],"curies":[{"name":"wp","href":"https:\/\/api.w.org\/{rel}","templated":true}]}}