{"id":227999,"date":"2012-10-22T08:08:59","date_gmt":"2012-10-22T06:08:59","guid":{"rendered":"http:\/\/www.ivg.it\/?p=227999"},"modified":"2012-10-22T17:39:35","modified_gmt":"2012-10-22T15:39:35","slug":"savona-al-chiabrera-in-scena-i-capuleti-e-i-montecchi","status":"publish","type":"post","link":"https:\/\/staging.ivg.it\/2012\/10\/savona-al-chiabrera-in-scena-i-capuleti-e-i-montecchi\/","title":{"rendered":"Savona, al Chiabrera in scena &#8220;I Capuleti e i Montecchi&#8221;"},"content":{"rendered":"<p><strong>Savona<\/strong>. Come da programma, ieri pomeriggio, con lo spettacolo &#8220;I Capuleti e i Montecchi&#8221; di Vincenzo Bellini si \u00e8 alzato il sipario sulla stagione Lirica Autunnale 2012 del Teatro dell&#8217;Opera Giocosa di Savona. I Capuleti e i Montecchi di Vincenzo Bellini (le foto sono di Luigi Cerati Osteria dell&#8217;Immagine &#8211; Varazze) sono andati in scena con il nuovo allestimento dal progetto vincitore dell&#8217;European Opera-Directing Prize 2011 in collaborazione con Opera Europa e Camerata Nuova.<\/p>\n<p>Diversamente da quanto si pu\u00f2 credere, la fonte di Capuleti e Montecchi non \u00e8 la famosissima tragedia di William Shakespeare, all&#8217;epoca non cos\u00ec nota in Italia, bens\u00ec una lunga tradizione letteraria italiana dedicata agli amanti di Verona, in cui spicca la novella di Matteo Bandello (1554). Il libretto \u00e8 una rielaborazione, da parte di Felice Romani, di un suo precedente melodramma, scritto per le note di Nicola Vaccaj.<\/p>\n<p>Esempio chiarissimo di opera a numeri chiusi, equilibrata nella strumentazione, i Capuleti fu composta da Bellini in poco pi\u00f9 di un mese &#8211; per ragioni di necessit\u00e0 &#8211; il che lo costrinse ad attingere ampiamente a suoi lavori precedenti, in primis da quella Zaira che solo un anno prima era andata incontro ad un irrimediabile insuccesso. L&#8217;opera, che comunque nasce da una sapiente rielaborazione della propria musica e non da una semplice riutilizzazione, precede di poco la Sonnambula e ne anticipa alcuni tratti di lirismo intenso e di dolcezza melodica; il finale invece, scritto con un declamato mirato a sottolineare i forti contrasti psicologici dei personaggi in scena, \u00e8 un alternarsi di recitativo accompagnato e arioso.<\/p>\n<p>Questo sconcert\u00f2 in parte il pubblico, non abituato allo stile; in pi\u00f9 una scrittura del genere non assecondava le aspirazioni virtuosistiche della primadonna, ansiosa, com&#8217;era l&#8217;uso del tempo, di sciorinare tutte le proprie risorse tecniche e lasciare di stucco la platea. Cos\u00ec, per tutto l&#8217;Ottocento si afferm\u00f2 la consuetudine di eseguire l&#8217;opera con il finale di Vaccaj, pi\u00f9 tradizionale; e l&#8217;opera fu tra le pi\u00f9 rappresentate.<\/p>\n","protected":false},"excerpt":{"rendered":"<p>Savona. Come da programma, ieri pomeriggio, con lo spettacolo &#8220;I Capuleti e i Montecchi&#8221; di Vincenzo Bellini si \u00e8 alzato il sipario sulla stagione Lirica Autunnale 2012 del Teatro dell&#8217;Opera Giocosa di Savona. I Capuleti e i Montecchi di Vincenzo Bellini (le foto sono di Luigi Cerati Osteria dell&#8217;Immagine &#8211; Varazze) sono andati in scena [&hellip;]<\/p>\n","protected":false},"author":13744,"featured_media":0,"comment_status":"open","ping_status":"closed","sticky":false,"template":"","format":"standard","meta":{"footnotes":""},"categories":[],"tags":[1061,2017,85850],"class_list":["post-227999","post","type-post","status-publish","format-standard","hentry","tag-chiabrera","tag-opera-giocosa","tag-savona","post_cat_citta-savona"],"amp_validity":null,"amp_enabled":true,"_links":{"self":[{"href":"https:\/\/staging.ivg.it\/ediapi\/wp\/v2\/posts\/227999","targetHints":{"allow":["GET"]}}],"collection":[{"href":"https:\/\/staging.ivg.it\/ediapi\/wp\/v2\/posts"}],"about":[{"href":"https:\/\/staging.ivg.it\/ediapi\/wp\/v2\/types\/post"}],"author":[{"embeddable":true,"href":"https:\/\/staging.ivg.it\/ediapi\/wp\/v2\/users\/13744"}],"replies":[{"embeddable":true,"href":"https:\/\/staging.ivg.it\/ediapi\/wp\/v2\/comments?post=227999"}],"version-history":[{"count":0,"href":"https:\/\/staging.ivg.it\/ediapi\/wp\/v2\/posts\/227999\/revisions"}],"wp:attachment":[{"href":"https:\/\/staging.ivg.it\/ediapi\/wp\/v2\/media?parent=227999"}],"wp:term":[{"taxonomy":"category","embeddable":true,"href":"https:\/\/staging.ivg.it\/ediapi\/wp\/v2\/categories?post=227999"},{"taxonomy":"post_tag","embeddable":true,"href":"https:\/\/staging.ivg.it\/ediapi\/wp\/v2\/tags?post=227999"}],"curies":[{"name":"wp","href":"https:\/\/api.w.org\/{rel}","templated":true}]}}