{"id":227979,"date":"2012-10-21T15:45:00","date_gmt":"2012-10-21T13:45:00","guid":{"rendered":"http:\/\/www.ivg.it\/?p=227979"},"modified":"2012-10-21T15:45:00","modified_gmt":"2012-10-21T13:45:00","slug":"costa-concordia-schettino-bello-stringere-le-mani-ai-naufraghi-verra-fuori-la-verita","status":"publish","type":"post","link":"https:\/\/staging.ivg.it\/2012\/10\/costa-concordia-schettino-bello-stringere-le-mani-ai-naufraghi-verra-fuori-la-verita\/","title":{"rendered":"Costa Concordia, Schettino: &#8220;Bello stringere le mani ai naufraghi, verr\u00e0 fuori la verit\u00e0&#8221;"},"content":{"rendered":"<p>&#8220;Ho stretto la mano ai naufraghi ed \u00e8 stata una sensazione bellissima. Ho promesso loro che verr\u00e0 fuori la verit\u00e0&#8221;. Lo ha detto il comandante Francesco Schettino rispondendo alle domande della giornalista Ilaria Cavo in un&#8217;intervista esclusiva andata in onda a Domenica Live, su Canale 5.<\/p>\n<p>In merito al lavoro della procura Schettino dice, &#8220;tutto sta andando magnificamente bene, tutti fanno il loro lavoro in maniera eccellente&#8221;.<\/p>\n<p>&#8220;Io non voglio contraddire nessuno, tantomeno la Procura &#8211; conclude Schettino &#8211; dico soltanto che se io avessi fermato la nave, se avessi tirato l&#8217;ancora in un fondale di 100 metri la nave a terra non ci arrivava. Quindi la catena di eventi fortuita non \u00e8 stata interrotta&#8221;.<\/p>\n","protected":false},"excerpt":{"rendered":"<p>&#8220;Ho stretto la mano ai naufraghi ed \u00e8 stata una sensazione bellissima. Ho promesso loro che verr\u00e0 fuori la verit\u00e0&#8221;. Lo ha detto il comandante Francesco Schettino rispondendo alle domande della giornalista Ilaria Cavo in un&#8217;intervista esclusiva andata in onda a Domenica Live, su Canale 5. In merito al lavoro della procura Schettino dice, &#8220;tutto [&hellip;]<\/p>\n","protected":false},"author":13744,"featured_media":0,"comment_status":"open","ping_status":"closed","sticky":false,"template":"","format":"standard","meta":{"footnotes":""},"categories":[34],"tags":[8319,1077,38241,5787],"class_list":["post-227979","post","type-post","status-publish","format-standard","hentry","category-cronaca","tag-concordia","tag-costa","tag-francesco-schettino","tag-naufragio","post_cat_citta-andora"],"amp_validity":null,"amp_enabled":true,"_links":{"self":[{"href":"https:\/\/staging.ivg.it\/ediapi\/wp\/v2\/posts\/227979","targetHints":{"allow":["GET"]}}],"collection":[{"href":"https:\/\/staging.ivg.it\/ediapi\/wp\/v2\/posts"}],"about":[{"href":"https:\/\/staging.ivg.it\/ediapi\/wp\/v2\/types\/post"}],"author":[{"embeddable":true,"href":"https:\/\/staging.ivg.it\/ediapi\/wp\/v2\/users\/13744"}],"replies":[{"embeddable":true,"href":"https:\/\/staging.ivg.it\/ediapi\/wp\/v2\/comments?post=227979"}],"version-history":[{"count":0,"href":"https:\/\/staging.ivg.it\/ediapi\/wp\/v2\/posts\/227979\/revisions"}],"wp:attachment":[{"href":"https:\/\/staging.ivg.it\/ediapi\/wp\/v2\/media?parent=227979"}],"wp:term":[{"taxonomy":"category","embeddable":true,"href":"https:\/\/staging.ivg.it\/ediapi\/wp\/v2\/categories?post=227979"},{"taxonomy":"post_tag","embeddable":true,"href":"https:\/\/staging.ivg.it\/ediapi\/wp\/v2\/tags?post=227979"}],"curies":[{"name":"wp","href":"https:\/\/api.w.org\/{rel}","templated":true}]}}