{"id":227960,"date":"2012-10-20T17:29:09","date_gmt":"2012-10-20T15:29:09","guid":{"rendered":"http:\/\/www.ivg.it\/?p=227960"},"modified":"2012-10-21T14:56:54","modified_gmt":"2012-10-21T12:56:54","slug":"dimissioni-fusco-il-presidente-burlando-grande-sensibilita-ora-in-tempi-brevi-riassegnazione-deleghe","status":"publish","type":"post","link":"https:\/\/staging.ivg.it\/2012\/10\/dimissioni-fusco-il-presidente-burlando-grande-sensibilita-ora-in-tempi-brevi-riassegnazione-deleghe\/","title":{"rendered":"Dimissioni Fusco, il presidente Burlando: &#8220;Grande sensibilit\u00e0, ora in tempi brevi riassegnazione deleghe&#8221;"},"content":{"rendered":"<p><strong>Regione.<\/strong> &#8220;Considero la decisione della vicepresidente e assessore all&#8217;Urbanistica Marylin Fusco di rassegnare le dimissioni in conseguenza della sua iscrizione nel registro degli indagati nella vicenda del progetto del porto di Ospedaletti, un atto di grande sensibilit\u00e0 politica, soprattutto in un momento di cos\u00ec grande distanza dei cittadini dall&#8217;amministrazione della cosa pubblica&#8221;. Cos\u00ec il presidente della giunta regionale della Liguria Claudio Burlando ha commentato le dimissioni annunciate oggi da Marylin Fusco, indagata nell&#8217;inchiesta sul porto di Ospedaletti.<\/p>\n<p>&#8220;In considerazione dell&#8217;importanza della delega e della funzione fino a ora esercitate da Marylin Fusco &#8211; ha detto il presidente della Liguria Claudio Burlando commentando le dimissioni del vicepresidente -, intendo riassegnare ambedue le funzioni in tempi brevissimi per assicurare al pi\u00f9 presto la piena funzionalit\u00e0 dell&#8217;Ente. A nome di tutta la Giunta, ringrazio Marylin Fusco per il lavoro svolto e confido che, grazie all&#8217;operato della magistratura, la sua posizione possa essere chiarita nel minor tempo possibile&#8221;.<\/p>\n","protected":false},"excerpt":{"rendered":"<p>Regione. &#8220;Considero la decisione della vicepresidente e assessore all&#8217;Urbanistica Marylin Fusco di rassegnare le dimissioni in conseguenza della sua iscrizione nel registro degli indagati nella vicenda del progetto del porto di Ospedaletti, un atto di grande sensibilit\u00e0 politica, soprattutto in un momento di cos\u00ec grande distanza dei cittadini dall&#8217;amministrazione della cosa pubblica&#8221;. Cos\u00ec il presidente [&hellip;]<\/p>\n","protected":false},"author":13744,"featured_media":0,"comment_status":"open","ping_status":"closed","sticky":false,"template":"","format":"standard","meta":{"footnotes":""},"categories":[31],"tags":[284,1469,22412,295],"class_list":["post-227960","post","type-post","status-publish","format-standard","hentry","category-politica","tag-claudio-burlando","tag-dimissioni","tag-marylin-fusco","tag-regione","post_cat_citta-andora","post_cat_citta-savona"],"amp_validity":null,"amp_enabled":true,"_links":{"self":[{"href":"https:\/\/staging.ivg.it\/ediapi\/wp\/v2\/posts\/227960","targetHints":{"allow":["GET"]}}],"collection":[{"href":"https:\/\/staging.ivg.it\/ediapi\/wp\/v2\/posts"}],"about":[{"href":"https:\/\/staging.ivg.it\/ediapi\/wp\/v2\/types\/post"}],"author":[{"embeddable":true,"href":"https:\/\/staging.ivg.it\/ediapi\/wp\/v2\/users\/13744"}],"replies":[{"embeddable":true,"href":"https:\/\/staging.ivg.it\/ediapi\/wp\/v2\/comments?post=227960"}],"version-history":[{"count":0,"href":"https:\/\/staging.ivg.it\/ediapi\/wp\/v2\/posts\/227960\/revisions"}],"wp:attachment":[{"href":"https:\/\/staging.ivg.it\/ediapi\/wp\/v2\/media?parent=227960"}],"wp:term":[{"taxonomy":"category","embeddable":true,"href":"https:\/\/staging.ivg.it\/ediapi\/wp\/v2\/categories?post=227960"},{"taxonomy":"post_tag","embeddable":true,"href":"https:\/\/staging.ivg.it\/ediapi\/wp\/v2\/tags?post=227960"}],"curies":[{"name":"wp","href":"https:\/\/api.w.org\/{rel}","templated":true}]}}