{"id":227939,"date":"2012-10-20T12:42:33","date_gmt":"2012-10-20T10:42:33","guid":{"rendered":"http:\/\/www.ivg.it\/?p=227939"},"modified":"2012-10-20T22:50:18","modified_gmt":"2012-10-20T20:50:18","slug":"non-ce-lha-fatta-il-fungaiolo-soccorso-ieri-dopo-una-caduta-ad-osiglia-era-un-77enne-di-alba","status":"publish","type":"post","link":"https:\/\/staging.ivg.it\/2012\/10\/non-ce-lha-fatta-il-fungaiolo-soccorso-ieri-dopo-una-caduta-ad-osiglia-era-un-77enne-di-alba\/","title":{"rendered":"Non ce l&#8217;ha fatta il fungaiolo soccorso ieri dopo una caduta ad Osiglia: era un 77enne di Alba"},"content":{"rendered":"<p><strong>Osiglia<\/strong>. Non ce l&#8217;ha fatta il fungaiolo che ieri mattina \u00e8 stato soccorso dopo una caduta in localit\u00e0 Verrina ad Osiglia. L&#8217;uomo, un settantasettenne di Alba, \u00e8 infatti morto in seguito ad alcune complicazioni sorte durante il trasporto in elicottero verso l&#8217;ospedale San Martino di Genova. Secondo le informazioni trapelate a non lasciare scampo all&#8217;uomo sarebbe stato un problema cardiaco.<\/p>\n<p>L&#8217;allarme era scattato ieri mattina, intorno alle 9,30: il fungaiolo era scivolato in un dirupo compiendo un volo di circa 7 metri dentro un ruscello. Grazie ad un parente che aveva dato l&#8217;allarme i soccorritori (vigili del fuoco, tecnici del soccorso alpino, medici del 118 e militi della Croce Rossa) avevano individuato in tempi brevi il ferito. L&#8217;uomo lamentava forte dolore ad un braccio, alla schiena e giramenti di testa. Non senza qualche difficolt\u00e0 i vigili del fuoco erano riusciti a riportare l&#8217;uomo sulla strada per affidarlo ai sanitari. Di l\u00ec a poco l&#8217;uomo era stato caricato sull&#8217;elicottero per il trasferimento all&#8217;ospedale genovese. Tutto sembrava procedere per il meglio quando purtroppo sono insorte le complicazioni fatali.<\/p>\n","protected":false},"excerpt":{"rendered":"<p>Osiglia. Non ce l&#8217;ha fatta il fungaiolo che ieri mattina \u00e8 stato soccorso dopo una caduta in localit\u00e0 Verrina ad Osiglia. L&#8217;uomo, un settantasettenne di Alba, \u00e8 infatti morto in seguito ad alcune complicazioni sorte durante il trasporto in elicottero verso l&#8217;ospedale San Martino di Genova. Secondo le informazioni trapelate a non lasciare scampo all&#8217;uomo [&hellip;]<\/p>\n","protected":false},"author":13744,"featured_media":0,"comment_status":"open","ping_status":"closed","sticky":false,"template":"","format":"standard","meta":{"footnotes":""},"categories":[34],"tags":[5284,85935,3061],"class_list":["post-227939","post","type-post","status-publish","format-standard","hentry","category-cronaca","tag-fungaiolo","tag-osiglia","tag-soccorsi","post_cat_citta-osiglia"],"amp_validity":null,"amp_enabled":true,"_links":{"self":[{"href":"https:\/\/staging.ivg.it\/ediapi\/wp\/v2\/posts\/227939","targetHints":{"allow":["GET"]}}],"collection":[{"href":"https:\/\/staging.ivg.it\/ediapi\/wp\/v2\/posts"}],"about":[{"href":"https:\/\/staging.ivg.it\/ediapi\/wp\/v2\/types\/post"}],"author":[{"embeddable":true,"href":"https:\/\/staging.ivg.it\/ediapi\/wp\/v2\/users\/13744"}],"replies":[{"embeddable":true,"href":"https:\/\/staging.ivg.it\/ediapi\/wp\/v2\/comments?post=227939"}],"version-history":[{"count":0,"href":"https:\/\/staging.ivg.it\/ediapi\/wp\/v2\/posts\/227939\/revisions"}],"wp:attachment":[{"href":"https:\/\/staging.ivg.it\/ediapi\/wp\/v2\/media?parent=227939"}],"wp:term":[{"taxonomy":"category","embeddable":true,"href":"https:\/\/staging.ivg.it\/ediapi\/wp\/v2\/categories?post=227939"},{"taxonomy":"post_tag","embeddable":true,"href":"https:\/\/staging.ivg.it\/ediapi\/wp\/v2\/tags?post=227939"}],"curies":[{"name":"wp","href":"https:\/\/api.w.org\/{rel}","templated":true}]}}