{"id":227932,"date":"2012-10-20T09:59:25","date_gmt":"2012-10-20T07:59:25","guid":{"rendered":"http:\/\/www.ivg.it\/?p=227932"},"modified":"2012-10-20T18:04:23","modified_gmt":"2012-10-20T16:04:23","slug":"tra-pochi-mesi-un-bando-dasta-per-la-fac-albisola-ma-tra-i-lavoratori-ce-preoccupazione-possibili-acquirenti-sembrano-svaniti","status":"publish","type":"post","link":"https:\/\/staging.ivg.it\/2012\/10\/tra-pochi-mesi-un-bando-dasta-per-la-fac-albisola-ma-tra-i-lavoratori-ce-preoccupazione-possibili-acquirenti-sembrano-svaniti\/","title":{"rendered":"Tra pochi mesi un bando d&#8217;asta per la Fac Albisola, ma c&#8217;\u00e8 preoccupazione: &#8220;Possibili acquirenti sembrano svaniti&#8221;"},"content":{"rendered":"<p><strong>Albisola S.<\/strong> Un bando su base asta per tutto il &#8220;pacchetto&#8221; Fac. E&#8217; questo quello a cui sta lavorando il curatore fallimentare dell&#8217;azienda albisolese come conferma Alessandro Milanesi della Rsu Fac Uilcem: &#8220;Ieri c&#8217;\u00e8 stato il primo incontro all&#8217;Unione Industriali con il curatore fallimentare alla presenza delle parti sociali, dell&#8217;assessore regionale Vesco e del sindaco di Albisola Superiore Franco Orsi. Non sono emersi elementi di novit\u00e0 a parte il fatto che la curatrice ci ha confermato che sta predisponendo un bando su base asta per la fine dell&#8217;anno o al massimo l&#8217;inizio di quello nuovo per tutto il pacchetto Fac, e non una vendita spezzatino&#8221;.<\/p>\n<p>Nonostante questa prospettiva, il mebro della Rsu \u00e8 poco ottimista sul futuro dell&#8217;azienda: &#8220;Mi viene spontanea una riflessione, fino a quando la Fac non era stata dichiarata fallita qualche soggetto o qualche nome di possibile acquirente circolava, adesso sembra si siano defilati tutti. Spero di sbagliarmi ma credo che prima, piuttosto di farla acquisire da qualche potenziale concorrente, i nostri competitori erano costretti a monitorare la situazione. Ora che la Fac \u00e8 fallita questo interessamento \u00e8 svanito, anzi c&#8217;\u00e8 proprio la volont\u00e0 di non farla pi\u00f9 ripartire per avere un concorrente in meno&#8221;.<\/p>\n<p>&#8220;Spero di sbagliarmi per il bene di noi maestranze e per il nostro paese visto che questa azienda esportava nel mondo il suo nome. Non ci rimane che attendere il bando, sperando che porti alla luce imprenditori capaci e vogliosi di riportare al suo splendore un marchio che \u00e8 stato il fiore all&#8217;occhiello della tazzina professionale da bar per 50 anni&#8221; conclude Milanesi.<\/p>\n","protected":false},"excerpt":{"rendered":"<p>Albisola S. Un bando su base asta per tutto il &#8220;pacchetto&#8221; Fac. E&#8217; questo quello a cui sta lavorando il curatore fallimentare dell&#8217;azienda albisolese come conferma Alessandro Milanesi della Rsu Fac Uilcem: &#8220;Ieri c&#8217;\u00e8 stato il primo incontro all&#8217;Unione Industriali con il curatore fallimentare alla presenza delle parti sociali, dell&#8217;assessore regionale Vesco e del sindaco [&hellip;]<\/p>\n","protected":false},"author":13744,"featured_media":0,"comment_status":"open","ping_status":"closed","sticky":false,"template":"","format":"standard","meta":{"footnotes":""},"categories":[34],"tags":[432,38389,39439],"class_list":["post-227932","post","type-post","status-publish","format-standard","hentry","category-cronaca","tag-albisola","tag-fac-albisola","tag-milanesi","post_cat_citta-albisola-superiore"],"amp_validity":null,"amp_enabled":true,"_links":{"self":[{"href":"https:\/\/staging.ivg.it\/ediapi\/wp\/v2\/posts\/227932","targetHints":{"allow":["GET"]}}],"collection":[{"href":"https:\/\/staging.ivg.it\/ediapi\/wp\/v2\/posts"}],"about":[{"href":"https:\/\/staging.ivg.it\/ediapi\/wp\/v2\/types\/post"}],"author":[{"embeddable":true,"href":"https:\/\/staging.ivg.it\/ediapi\/wp\/v2\/users\/13744"}],"replies":[{"embeddable":true,"href":"https:\/\/staging.ivg.it\/ediapi\/wp\/v2\/comments?post=227932"}],"version-history":[{"count":0,"href":"https:\/\/staging.ivg.it\/ediapi\/wp\/v2\/posts\/227932\/revisions"}],"wp:attachment":[{"href":"https:\/\/staging.ivg.it\/ediapi\/wp\/v2\/media?parent=227932"}],"wp:term":[{"taxonomy":"category","embeddable":true,"href":"https:\/\/staging.ivg.it\/ediapi\/wp\/v2\/categories?post=227932"},{"taxonomy":"post_tag","embeddable":true,"href":"https:\/\/staging.ivg.it\/ediapi\/wp\/v2\/tags?post=227932"}],"curies":[{"name":"wp","href":"https:\/\/api.w.org\/{rel}","templated":true}]}}