{"id":227905,"date":"2012-10-19T16:04:26","date_gmt":"2012-10-19T14:04:26","guid":{"rendered":"http:\/\/www.ivg.it\/?p=227905"},"modified":"2012-10-20T11:00:11","modified_gmt":"2012-10-20T09:00:11","slug":"liguria-nuovo-sciopero-dei-bus-lavoratori-fermi-per-24-ore-il-16-novembre","status":"publish","type":"post","link":"https:\/\/staging.ivg.it\/2012\/10\/liguria-nuovo-sciopero-dei-bus-lavoratori-fermi-per-24-ore-il-16-novembre\/","title":{"rendered":"Liguria, nuovo sciopero dei bus: lavoratori fermi per 24 ore il 16 novembre"},"content":{"rendered":"<p><strong>Liguria<\/strong>. Il 16 novembre andr\u00e0 in scena un nuovo sciopero dei lavoratori del trasporto pubblico locale. La decisione \u00e8 arrivata al termine dell&#8217;Attivo unitario nazionale dei quadri e delegati degli autoferrotranvieri di Filt Cgil, Fit Cisl, Uiltrasporti, Faisa e Ugl, riunitisi a Chianciano. Al centro dell\u2019incontro le risorse, le regole, il servizio ai cittadini e il contratto di lavoro del trasporto pubblico locale. Poi \u00e8 arrivata la decisione di dichiarare per il 16 novembre 24 ore di sciopero durante le quali non verranno garantite le fasce di garanzia, ma solo i sevizi essenziali: la manifestazione si terr\u00e0 a Roma.<\/p>\n<p>&#8220;Siamo al nono sciopero generale del settore; non si tratta della classica vertenza per il rinnovo del CCNL o della difesa di interessi di parte &#8211; seppur legittima -: non solo dal 2008 i lavoratori del settore non beneficiano di aumenti salariali, ma viene posta anche una questione generale di interessi collettivi legati al servizio pubblico e privato del trasporto locale. Dall&#8217;ultimo sciopero del 2 ottobre non abbiamo avuto nessuna risposta dal Governo, il quale scarica il problema alle istituzioni locali e alle aziende&#8221; spiega Camillo Costanzo, segretario generale Filt Cgil Liguria.<\/p>\n<p>&#8220;Le risorse &#8211; prosegue Costanzo &#8211; previste sono insufficienti a garantire il servizio ed evidentemente si pensa ad un servizio ridimensionato al quale inevitabilmente dovranno adeguarsi le fasce pi\u00f9 deboli della popolazione. Si tratta di una visione miope in quanto investire in questo settore pu\u00f2 rivelarsi una strategia anticiclica con un ritorno in termini di produttivit\u00e0 che pu\u00f2 aiutare il paese ad uscire dalla crisi. Vedi ad esempio il caso di Iribus, con il quale si sarebbe potuto dare una risposta alla domanda crescente derivante dal settore del trasporto pubblico locale&#8221;.<\/p>\n<p>&#8220;La nostra proposta \u00e8 definire un nuovo assetto industriale collettivo del trasporto con aggregazioni e unificazione delle 1200 aziende presenti sul territorio nazionale, proposta che deve essere supportata da scelte politiche. Cos\u00ec com&#8217;\u00e8 il sistema implode e non regge pi\u00f9. Sempre pi\u00f9 aziende stanno entrando in crisi. La posizione. Asstra e Anav si arrocca sulla conservazione di interessi corporativi&#8221;.<\/p>\n<p>&#8220;Con la riforma da municipalizzate a SPA si \u00e8 creata una follia normativa, noi chiediamo regole precise e vincolanti. Cosa che non vogliono le associazioni di categoria mentre sono molto interessate a parlare di esuberi o di scambio tra produttivit\u00e0 e salario. Il CCNL serve per il recupero del potere di acquisto delle retribuzioni e il 2 livello di contrattazione pu\u00f2 ridistribuire salari legati alla produttivit\u00e0. Il 16 novembre ci auguriamo di ottenere la solidariet\u00e0 della popolazione anche perch\u00e9 a pagare per un servizio pubblico non all\u2019altezza di un paese civile sarebbero proprio i cittadini&#8221; conlcude Camillo Costanzo.<\/p>\n","protected":false},"excerpt":{"rendered":"<p>Liguria. Il 16 novembre andr\u00e0 in scena un nuovo sciopero dei lavoratori del trasporto pubblico locale. La decisione \u00e8 arrivata al termine dell&#8217;Attivo unitario nazionale dei quadri e delegati degli autoferrotranvieri di Filt Cgil, Fit Cisl, Uiltrasporti, Faisa e Ugl, riunitisi a Chianciano. Al centro dell\u2019incontro le risorse, le regole, il servizio ai cittadini e [&hellip;]<\/p>\n","protected":false},"author":13744,"featured_media":0,"comment_status":"open","ping_status":"closed","sticky":false,"template":"","format":"standard","meta":{"footnotes":""},"categories":[56,34],"tags":[593,393,909],"class_list":["post-227905","post","type-post","status-publish","format-standard","hentry","category-altre","category-cronaca","tag-bus","tag-liguria","tag-trasporti","post_cat_citta-andora"],"amp_validity":null,"amp_enabled":true,"_links":{"self":[{"href":"https:\/\/staging.ivg.it\/ediapi\/wp\/v2\/posts\/227905","targetHints":{"allow":["GET"]}}],"collection":[{"href":"https:\/\/staging.ivg.it\/ediapi\/wp\/v2\/posts"}],"about":[{"href":"https:\/\/staging.ivg.it\/ediapi\/wp\/v2\/types\/post"}],"author":[{"embeddable":true,"href":"https:\/\/staging.ivg.it\/ediapi\/wp\/v2\/users\/13744"}],"replies":[{"embeddable":true,"href":"https:\/\/staging.ivg.it\/ediapi\/wp\/v2\/comments?post=227905"}],"version-history":[{"count":0,"href":"https:\/\/staging.ivg.it\/ediapi\/wp\/v2\/posts\/227905\/revisions"}],"wp:attachment":[{"href":"https:\/\/staging.ivg.it\/ediapi\/wp\/v2\/media?parent=227905"}],"wp:term":[{"taxonomy":"category","embeddable":true,"href":"https:\/\/staging.ivg.it\/ediapi\/wp\/v2\/categories?post=227905"},{"taxonomy":"post_tag","embeddable":true,"href":"https:\/\/staging.ivg.it\/ediapi\/wp\/v2\/tags?post=227905"}],"curies":[{"name":"wp","href":"https:\/\/api.w.org\/{rel}","templated":true}]}}