{"id":227902,"date":"2012-10-19T15:47:34","date_gmt":"2012-10-19T13:47:34","guid":{"rendered":"http:\/\/www.ivg.it\/?p=227902"},"modified":"2012-10-19T15:47:34","modified_gmt":"2012-10-19T13:47:34","slug":"allistituto-comprensivo-di-alassio-una-giornata-dedicata-al-tema-della-sicurezza","status":"publish","type":"post","link":"https:\/\/staging.ivg.it\/2012\/10\/allistituto-comprensivo-di-alassio-una-giornata-dedicata-al-tema-della-sicurezza\/","title":{"rendered":"All&#8217;Istituto Comprensivo di Alassio una giornata dedicata al tema della sicurezza"},"content":{"rendered":"<p><strong>Alassio<\/strong>. In occasione della Settimana della Sicurezza, luned\u00ec 22 ottobre, si terr\u00e0 presso l&#8217;Istituto Comprensivo di Alassio un&#8217;intera giornata dedicata a questo tema. L&#8217;Istituto \u00e8 stato selezionato insieme ad altri quattro della Regione per ospitare la manifestazione organizzata dall&#8217;Associazione per la Promozione alla Cultura della Sicurezza di Genova.<\/p>\n<p>La giornata si articoler\u00e0 in due momenti: la mattinata di tipo laboratoriale, in cui gli alunni della scuola Secondaria e delle classi quarte e quinte della Primaria incontreranno membri della Polizia Postale, Questura, Polizia stradale, Vigili del Fuoco, Polizia Municipale, Capitaneria di Porto, Corpo Forestale, Croce Rossa, Carabinieri e Protezione Civile; nel pomeriggio invece si terr\u00e0 un seminario aperto alla cittadinanza.<\/p>\n<p>Il seminario si terr\u00e0 presso l&#8217;aula magna della sede di via Gastaldi alle 14,30 e avr\u00e0 come tema \u201cIl nuovo accordo Stato-Regioni \u2013 Cosa cambia sulla sicurezza nel lavoro\u201d. La giornata sar\u00e0 anche un&#8217;occasione di collaborazione tra scuole, dal momento che sar\u00e0 l&#8217;istituto Alberghiero \u201cGiancardi\u201d a organizzare il break della mattinata.<\/p>\n","protected":false},"excerpt":{"rendered":"<p>Alassio. In occasione della Settimana della Sicurezza, luned\u00ec 22 ottobre, si terr\u00e0 presso l&#8217;Istituto Comprensivo di Alassio un&#8217;intera giornata dedicata a questo tema. L&#8217;Istituto \u00e8 stato selezionato insieme ad altri quattro della Regione per ospitare la manifestazione organizzata dall&#8217;Associazione per la Promozione alla Cultura della Sicurezza di Genova. La giornata si articoler\u00e0 in due momenti: [&hellip;]<\/p>\n","protected":false},"author":13744,"featured_media":0,"comment_status":"open","ping_status":"closed","sticky":false,"template":"","format":"standard","meta":{"footnotes":""},"categories":[56],"tags":[85824,880,183],"class_list":["post-227902","post","type-post","status-publish","format-standard","hentry","category-altre","tag-alassio","tag-seminari","tag-sicurezza","post_cat_citta-alassio"],"amp_validity":null,"amp_enabled":true,"_links":{"self":[{"href":"https:\/\/staging.ivg.it\/ediapi\/wp\/v2\/posts\/227902","targetHints":{"allow":["GET"]}}],"collection":[{"href":"https:\/\/staging.ivg.it\/ediapi\/wp\/v2\/posts"}],"about":[{"href":"https:\/\/staging.ivg.it\/ediapi\/wp\/v2\/types\/post"}],"author":[{"embeddable":true,"href":"https:\/\/staging.ivg.it\/ediapi\/wp\/v2\/users\/13744"}],"replies":[{"embeddable":true,"href":"https:\/\/staging.ivg.it\/ediapi\/wp\/v2\/comments?post=227902"}],"version-history":[{"count":0,"href":"https:\/\/staging.ivg.it\/ediapi\/wp\/v2\/posts\/227902\/revisions"}],"wp:attachment":[{"href":"https:\/\/staging.ivg.it\/ediapi\/wp\/v2\/media?parent=227902"}],"wp:term":[{"taxonomy":"category","embeddable":true,"href":"https:\/\/staging.ivg.it\/ediapi\/wp\/v2\/categories?post=227902"},{"taxonomy":"post_tag","embeddable":true,"href":"https:\/\/staging.ivg.it\/ediapi\/wp\/v2\/tags?post=227902"}],"curies":[{"name":"wp","href":"https:\/\/api.w.org\/{rel}","templated":true}]}}