{"id":227728,"date":"2012-10-17T08:35:45","date_gmt":"2012-10-17T06:35:45","guid":{"rendered":"http:\/\/www.ivg.it\/?p=227728"},"modified":"2012-10-17T14:21:32","modified_gmt":"2012-10-17T12:21:32","slug":"carcare-bologna-sfiduciato-non-si-puo-lavorare-con-i-gratta-culi","status":"publish","type":"post","link":"https:\/\/staging.ivg.it\/2012\/10\/carcare-bologna-sfiduciato-non-si-puo-lavorare-con-i-gratta-culi\/","title":{"rendered":"Carcare, Bologna sfiduciato: &#8220;Non si pu\u00f2 lavorare con i &#8216;gratta culi'&#8221;"},"content":{"rendered":"<p>&#8220;Questa esperienza mi ha insegnato a capire meglio la gente: riconoscere gli amici, e coloro che si rivelano solo &#8216;gratta culi&#8217;: quelli che si fingono grandi amiconi e poi ti pugnalano alle spalle, e con i quali \u00e8 impossibile lavorare&#8221;: non nasconde l&#8217;amarezza l&#8217;ormai ex sindaco di Carcare, Franco Bologna, sfiduciato da 11 consiglieri su 16. <\/p>\n<p>&#8220;Gli amici veri mi dicono di tenere duro e di proseguire comunque nel mio impegno politico &#8211; continua Bologna &#8211; Questo \u00e8 stato un consiglio comunale molto affollato: credo di avere comunque un ottimo rapporto con i cittadini e aver conservato la stima di molti. Ci abbiamo provato, siamo andati avanti finch\u00e9 ne avevamo la forza. La giunta che, a parte Legario, \u00e8 rimasta tutta compatta attorno a me, ha infatti lavorato fino al pomeriggio. Bologna candidato sindaco? Credo di s\u00ec, l&#8217;idea certamente c&#8217;\u00e8&#8221;.  <\/p>\n","protected":false},"excerpt":{"rendered":"<p>&#8220;Questa esperienza mi ha insegnato a capire meglio la gente: riconoscere gli amici, e coloro che si rivelano solo &#8216;gratta culi&#8217;: quelli che si fingono grandi amiconi e poi ti pugnalano alle spalle, e con i quali \u00e8 impossibile lavorare&#8221;: non nasconde l&#8217;amarezza l&#8217;ormai ex sindaco di Carcare, Franco Bologna, sfiduciato da 11 consiglieri su [&hellip;]<\/p>\n","protected":false},"author":13744,"featured_media":0,"comment_status":"open","ping_status":"closed","sticky":false,"template":"","format":"standard","meta":{"footnotes":""},"categories":[31],"tags":[85852,186,10204,3345],"class_list":["post-227728","post","type-post","status-publish","format-standard","hentry","category-politica","tag-carcare","tag-consiglio-comunale","tag-franco-bologna","tag-sfiducia","post_cat_citta-carcare"],"amp_validity":null,"amp_enabled":true,"_links":{"self":[{"href":"https:\/\/staging.ivg.it\/ediapi\/wp\/v2\/posts\/227728","targetHints":{"allow":["GET"]}}],"collection":[{"href":"https:\/\/staging.ivg.it\/ediapi\/wp\/v2\/posts"}],"about":[{"href":"https:\/\/staging.ivg.it\/ediapi\/wp\/v2\/types\/post"}],"author":[{"embeddable":true,"href":"https:\/\/staging.ivg.it\/ediapi\/wp\/v2\/users\/13744"}],"replies":[{"embeddable":true,"href":"https:\/\/staging.ivg.it\/ediapi\/wp\/v2\/comments?post=227728"}],"version-history":[{"count":0,"href":"https:\/\/staging.ivg.it\/ediapi\/wp\/v2\/posts\/227728\/revisions"}],"wp:attachment":[{"href":"https:\/\/staging.ivg.it\/ediapi\/wp\/v2\/media?parent=227728"}],"wp:term":[{"taxonomy":"category","embeddable":true,"href":"https:\/\/staging.ivg.it\/ediapi\/wp\/v2\/categories?post=227728"},{"taxonomy":"post_tag","embeddable":true,"href":"https:\/\/staging.ivg.it\/ediapi\/wp\/v2\/tags?post=227728"}],"curies":[{"name":"wp","href":"https:\/\/api.w.org\/{rel}","templated":true}]}}