{"id":227702,"date":"2012-10-16T16:55:54","date_gmt":"2012-10-16T14:55:54","guid":{"rendered":"http:\/\/www.ivg.it\/?p=227702"},"modified":"2012-10-16T16:55:54","modified_gmt":"2012-10-16T14:55:54","slug":"aism-savona-nasce-il-gruppo-giovani","status":"publish","type":"post","link":"https:\/\/staging.ivg.it\/2012\/10\/aism-savona-nasce-il-gruppo-giovani\/","title":{"rendered":"Aism Savona, nasce il gruppo giovani"},"content":{"rendered":"<p><strong>Savona.<\/strong> Alla sezione AISM di Savona \u00e8 nato il gruppo &#8220;Giovani&#8221;. Il referente \u00e8 Maurizio Da Bove che, grazie alla collaborazione di Silvia Pignone, Marco Martelli, Marta Rosso ha organizzato per il 27 ottobre il primo convegno &#8220;Giovani oltre la Sclerosi Multipla&#8221;. Presente Roberto Furlan e un suo collega.<\/p>\n<p>Furlan \u00e8 capogruppo Unit\u00e0 di Neuroimmunologia Clinica, Istituto Scientifico S. Raffaele di Milano e, oltre ad essere un neurologo, \u00e8 uno dei pi\u00f9 famosi ricercatori italiani.<\/p>\n","protected":false},"excerpt":{"rendered":"<p>Savona. Alla sezione AISM di Savona \u00e8 nato il gruppo &#8220;Giovani&#8221;. Il referente \u00e8 Maurizio Da Bove che, grazie alla collaborazione di Silvia Pignone, Marco Martelli, Marta Rosso ha organizzato per il 27 ottobre il primo convegno &#8220;Giovani oltre la Sclerosi Multipla&#8221;. Presente Roberto Furlan e un suo collega. Furlan \u00e8 capogruppo Unit\u00e0 di Neuroimmunologia [&hellip;]<\/p>\n","protected":false},"author":13744,"featured_media":0,"comment_status":"open","ping_status":"closed","sticky":false,"template":"","format":"standard","meta":{"footnotes":""},"categories":[56],"tags":[2439,85850,2438],"class_list":["post-227702","post","type-post","status-publish","format-standard","hentry","category-altre","tag-aism","tag-savona","tag-sclerosi-multipla","post_cat_citta-savona"],"amp_validity":null,"amp_enabled":true,"_links":{"self":[{"href":"https:\/\/staging.ivg.it\/ediapi\/wp\/v2\/posts\/227702","targetHints":{"allow":["GET"]}}],"collection":[{"href":"https:\/\/staging.ivg.it\/ediapi\/wp\/v2\/posts"}],"about":[{"href":"https:\/\/staging.ivg.it\/ediapi\/wp\/v2\/types\/post"}],"author":[{"embeddable":true,"href":"https:\/\/staging.ivg.it\/ediapi\/wp\/v2\/users\/13744"}],"replies":[{"embeddable":true,"href":"https:\/\/staging.ivg.it\/ediapi\/wp\/v2\/comments?post=227702"}],"version-history":[{"count":0,"href":"https:\/\/staging.ivg.it\/ediapi\/wp\/v2\/posts\/227702\/revisions"}],"wp:attachment":[{"href":"https:\/\/staging.ivg.it\/ediapi\/wp\/v2\/media?parent=227702"}],"wp:term":[{"taxonomy":"category","embeddable":true,"href":"https:\/\/staging.ivg.it\/ediapi\/wp\/v2\/categories?post=227702"},{"taxonomy":"post_tag","embeddable":true,"href":"https:\/\/staging.ivg.it\/ediapi\/wp\/v2\/tags?post=227702"}],"curies":[{"name":"wp","href":"https:\/\/api.w.org\/{rel}","templated":true}]}}