{"id":227700,"date":"2012-10-16T16:50:31","date_gmt":"2012-10-16T14:50:31","guid":{"rendered":"http:\/\/www.ivg.it\/?p=227700"},"modified":"2012-10-16T16:50:31","modified_gmt":"2012-10-16T14:50:31","slug":"ceriale-domani-interventi-sullacquedotto-comunale","status":"publish","type":"post","link":"https:\/\/staging.ivg.it\/2012\/10\/ceriale-domani-interventi-sullacquedotto-comunale\/","title":{"rendered":"Ceriale, domani interventi sull&#8217;acquedotto comunale"},"content":{"rendered":"<p><strong>Ceriale<\/strong>. Domani verr\u00e0 effettuato il collegamento della condotta di mandata alle vasche in Localit\u00e0 Alizeri, a Ceriale, che andr\u00e0 a sostituire la vecchia tubazione, ormai obsoleta e che comportava rischi di interruzione del servizio, con una nuova condotta in ghisa di metri 800 e del diametro di mm. 200.<\/p>\n<p>I lavori si sono svolti nel periodo estivo per il tratto pi\u00f9 deteriorato e sono stati poi completati al termine della stagione turistica per limitare i disagi.<\/p>\n<p>&#8220;L\u2019opera, che ha comportato una spesa di circa 100.000 \u20ac, \u00e8 andata ad implementare la ristrutturazione della rete acquedottistica del Comune che, grazie ad interventi fatti anche dalle precedenti Amministrazioni, \u00e8 rinnovata in modo consistente&#8221; ha detto l&#8217;assessore ai Lavori Pubblici Alessandro Alessandri.<\/p>\n","protected":false},"excerpt":{"rendered":"<p>Ceriale. Domani verr\u00e0 effettuato il collegamento della condotta di mandata alle vasche in Localit\u00e0 Alizeri, a Ceriale, che andr\u00e0 a sostituire la vecchia tubazione, ormai obsoleta e che comportava rischi di interruzione del servizio, con una nuova condotta in ghisa di metri 800 e del diametro di mm. 200. I lavori si sono svolti nel [&hellip;]<\/p>\n","protected":false},"author":13744,"featured_media":0,"comment_status":"open","ping_status":"closed","sticky":false,"template":"","format":"standard","meta":{"footnotes":""},"categories":[56],"tags":[3498,85855],"class_list":["post-227700","post","type-post","status-publish","format-standard","hentry","category-altre","tag-acquedotto","tag-ceriale","post_cat_citta-ceriale"],"amp_validity":null,"amp_enabled":true,"_links":{"self":[{"href":"https:\/\/staging.ivg.it\/ediapi\/wp\/v2\/posts\/227700","targetHints":{"allow":["GET"]}}],"collection":[{"href":"https:\/\/staging.ivg.it\/ediapi\/wp\/v2\/posts"}],"about":[{"href":"https:\/\/staging.ivg.it\/ediapi\/wp\/v2\/types\/post"}],"author":[{"embeddable":true,"href":"https:\/\/staging.ivg.it\/ediapi\/wp\/v2\/users\/13744"}],"replies":[{"embeddable":true,"href":"https:\/\/staging.ivg.it\/ediapi\/wp\/v2\/comments?post=227700"}],"version-history":[{"count":0,"href":"https:\/\/staging.ivg.it\/ediapi\/wp\/v2\/posts\/227700\/revisions"}],"wp:attachment":[{"href":"https:\/\/staging.ivg.it\/ediapi\/wp\/v2\/media?parent=227700"}],"wp:term":[{"taxonomy":"category","embeddable":true,"href":"https:\/\/staging.ivg.it\/ediapi\/wp\/v2\/categories?post=227700"},{"taxonomy":"post_tag","embeddable":true,"href":"https:\/\/staging.ivg.it\/ediapi\/wp\/v2\/tags?post=227700"}],"curies":[{"name":"wp","href":"https:\/\/api.w.org\/{rel}","templated":true}]}}