{"id":227688,"date":"2012-10-16T15:42:52","date_gmt":"2012-10-16T13:42:52","guid":{"rendered":"http:\/\/www.ivg.it\/?p=227688"},"modified":"2012-10-16T23:27:00","modified_gmt":"2012-10-16T21:27:00","slug":"savona-park-di-via-piave-presto-a-pagamento-anche-in-orario-notturno","status":"publish","type":"post","link":"https:\/\/staging.ivg.it\/2012\/10\/savona-park-di-via-piave-presto-a-pagamento-anche-in-orario-notturno\/","title":{"rendered":"Savona, park di via Piave: presto a pagamento anche in orario notturno"},"content":{"rendered":"<p><strong>Savona<\/strong>. Il parcheggio di via Piave, a Savona, diventer\u00e0 a pagamento anche di notte. Nella prossima giunta a Palazzo Sisto infatti l\u2019assessore al commercio, turismo, sviluppo economico, qualit\u00e0 urbana e mobilit\u00e0 Paolo Apicella porter\u00e0 una delibera che riformer\u00e0 le regole della sosta nell&#8217;area. L&#8217;iniziativa prende le mosse da una richiesta arrivata dall&#8217;assemblea di quartiere di Villapiana. <\/p>\n<p>Attualmente nel park di via Piave la sosta \u00e8 libera nella fascia notturna, una situazione che, secondo le lamentele, danneggerebbe chi paga per un abbonamento mensile. L&#8217;esecutivo savonese istituir\u00e0 la sosta a pagamento (2 euro forfettari) dalle ore 20 alle ore 8. <\/p>\n","protected":false},"excerpt":{"rendered":"<p>Savona. Il parcheggio di via Piave, a Savona, diventer\u00e0 a pagamento anche di notte. Nella prossima giunta a Palazzo Sisto infatti l\u2019assessore al commercio, turismo, sviluppo economico, qualit\u00e0 urbana e mobilit\u00e0 Paolo Apicella porter\u00e0 una delibera che riformer\u00e0 le regole della sosta nell&#8217;area. L&#8217;iniziativa prende le mosse da una richiesta arrivata dall&#8217;assemblea di quartiere di [&hellip;]<\/p>\n","protected":false},"author":13744,"featured_media":0,"comment_status":"open","ping_status":"closed","sticky":false,"template":"","format":"standard","meta":{"footnotes":""},"categories":[35,31],"tags":[16312,2909,85850,688],"class_list":["post-227688","post","type-post","status-publish","format-standard","hentry","category-economia","category-politica","tag-paolo-apicella","tag-parcheggio","tag-savona","tag-via-piave","post_cat_citta-savona"],"amp_validity":null,"amp_enabled":true,"_links":{"self":[{"href":"https:\/\/staging.ivg.it\/ediapi\/wp\/v2\/posts\/227688","targetHints":{"allow":["GET"]}}],"collection":[{"href":"https:\/\/staging.ivg.it\/ediapi\/wp\/v2\/posts"}],"about":[{"href":"https:\/\/staging.ivg.it\/ediapi\/wp\/v2\/types\/post"}],"author":[{"embeddable":true,"href":"https:\/\/staging.ivg.it\/ediapi\/wp\/v2\/users\/13744"}],"replies":[{"embeddable":true,"href":"https:\/\/staging.ivg.it\/ediapi\/wp\/v2\/comments?post=227688"}],"version-history":[{"count":0,"href":"https:\/\/staging.ivg.it\/ediapi\/wp\/v2\/posts\/227688\/revisions"}],"wp:attachment":[{"href":"https:\/\/staging.ivg.it\/ediapi\/wp\/v2\/media?parent=227688"}],"wp:term":[{"taxonomy":"category","embeddable":true,"href":"https:\/\/staging.ivg.it\/ediapi\/wp\/v2\/categories?post=227688"},{"taxonomy":"post_tag","embeddable":true,"href":"https:\/\/staging.ivg.it\/ediapi\/wp\/v2\/tags?post=227688"}],"curies":[{"name":"wp","href":"https:\/\/api.w.org\/{rel}","templated":true}]}}