{"id":227659,"date":"2012-10-16T12:17:41","date_gmt":"2012-10-16T10:17:41","guid":{"rendered":"http:\/\/www.ivg.it\/?p=227659"},"modified":"2012-10-16T15:43:01","modified_gmt":"2012-10-16T13:43:01","slug":"lincoln-electric-la-trattativa-nelle-secche-vesco-fumata-nera-rigidita-da-parte-dellazienda","status":"publish","type":"post","link":"https:\/\/staging.ivg.it\/2012\/10\/lincoln-electric-la-trattativa-nelle-secche-vesco-fumata-nera-rigidita-da-parte-dellazienda\/","title":{"rendered":"Lincoln Electric, l&#8217;assessore Vesco: &#8220;Fumata molto nera, Regione da sola contro le multinazionali&#8221;"},"content":{"rendered":"<p><strong>Regione<\/strong>. E&#8217; lapidario l&#8217;assessore Enrico Vesco: &#8220;Fumata molto nera di fronte alla rigidit\u00e0 dell&#8217;azienda&#8221;. Cos\u00ec al termine dell&#8217;incontro svoltosi oggi in Regione con i vertici della multinazionale statunitense, risoluta a chiudere la produzione di saldatrici nello stabilimento di Serra Ricc\u00f2 per delocalizzare in Polonia. Per il Savonese si tratta di 15 unit\u00e0 lavorative, pendolari, a rischio.<\/p>\n<p>Confermato il ricorso alla cassa integrazione. &#8220;In questo senso &#8211; riferisce Vesco &#8211; si sono detti disponibili a mettere in atto la cassa integrazione e poi un punto fermo \u00e8 stata la certezza che quell&#8217;azienda rimane un polo di eccellenza per la progettazione e lo sviluppo dei prodotti di tutto il gruppo a livello europeo ed americano&#8221;.<\/p>\n<p>L&#8217;assessore regionale, riguardo all&#8217;intera vicenda, non cambia giudizio: &#8220;Si tratta di una scelta incomprensibile: ci hanno confermato che durante la crisi non hanno avuto ripercussioni negative, la produzione ha retto bene ed il sito ha un&#8217;ottima produttivit\u00e0. La chiusura \u00e8 giustificata con la necessit\u00e0 di tenere in equilibrio i conti e dare una prospettiva futura all&#8217;azienda. Avrebbero potuto garantire lo stesso livello rimanendo l\u00ec, anche perch\u00e9 lo hanno fatto egregiamente fino ad oggi&#8221;.<\/p>\n<p>La sensazione che si respira oggi \u00e8 che la Liguria si da sola di fronte alla crisi: &#8220;Un dato molto negativo \u00e8 purtroppo l&#8217;atteggiamento delle multinazionali nei confronti di un territorio lasciato solo dal governo nazionale. non possiamo reggere cos\u00ec, convocando le multinazionali in Regione e pensando di ottenere qualche risultato&#8221;.<\/p>\n<p>Serve l&#8217;intervento da Roma. &#8220;E&#8217; il governo &#8211; conclude l&#8217;assessore Vesco &#8211; che deve muoversi e tutelare le maestranze impiegate dalle multinazionali che per anni hanno fatto affari e lauti utili nel nostro Paese ed oggi scelgono di delocalizzare&#8221;.<\/p>\n","protected":false},"excerpt":{"rendered":"<p>Regione. E&#8217; lapidario l&#8217;assessore Enrico Vesco: &#8220;Fumata molto nera di fronte alla rigidit\u00e0 dell&#8217;azienda&#8221;. Cos\u00ec al termine dell&#8217;incontro svoltosi oggi in Regione con i vertici della multinazionale statunitense, risoluta a chiudere la produzione di saldatrici nello stabilimento di Serra Ricc\u00f2 per delocalizzare in Polonia. Per il Savonese si tratta di 15 unit\u00e0 lavorative, pendolari, a [&hellip;]<\/p>\n","protected":false},"author":13744,"featured_media":0,"comment_status":"open","ping_status":"closed","sticky":false,"template":"","format":"standard","meta":{"footnotes":""},"categories":[35],"tags":[907,1817,42676,295],"class_list":["post-227659","post","type-post","status-publish","format-standard","hentry","category-economia","tag-enrico-vesco","tag-industria","tag-lincoln-electric","tag-regione","post_cat_citta-andora"],"amp_validity":null,"amp_enabled":true,"_links":{"self":[{"href":"https:\/\/staging.ivg.it\/ediapi\/wp\/v2\/posts\/227659","targetHints":{"allow":["GET"]}}],"collection":[{"href":"https:\/\/staging.ivg.it\/ediapi\/wp\/v2\/posts"}],"about":[{"href":"https:\/\/staging.ivg.it\/ediapi\/wp\/v2\/types\/post"}],"author":[{"embeddable":true,"href":"https:\/\/staging.ivg.it\/ediapi\/wp\/v2\/users\/13744"}],"replies":[{"embeddable":true,"href":"https:\/\/staging.ivg.it\/ediapi\/wp\/v2\/comments?post=227659"}],"version-history":[{"count":0,"href":"https:\/\/staging.ivg.it\/ediapi\/wp\/v2\/posts\/227659\/revisions"}],"wp:attachment":[{"href":"https:\/\/staging.ivg.it\/ediapi\/wp\/v2\/media?parent=227659"}],"wp:term":[{"taxonomy":"category","embeddable":true,"href":"https:\/\/staging.ivg.it\/ediapi\/wp\/v2\/categories?post=227659"},{"taxonomy":"post_tag","embeddable":true,"href":"https:\/\/staging.ivg.it\/ediapi\/wp\/v2\/tags?post=227659"}],"curies":[{"name":"wp","href":"https:\/\/api.w.org\/{rel}","templated":true}]}}