{"id":227654,"date":"2012-10-16T11:57:26","date_gmt":"2012-10-16T09:57:26","guid":{"rendered":"http:\/\/www.ivg.it\/?p=227654"},"modified":"2012-11-07T10:27:17","modified_gmt":"2012-11-07T09:27:17","slug":"melgrati-2","status":"publish","type":"post","link":"https:\/\/staging.ivg.it\/2012\/10\/melgrati-2\/","title":{"rendered":"Dehor Alassio e sospensiva del Tar, Melgrati: &#8220;Forzatura del sindaco Avogadro, altra brutta figura&#8221;"},"content":{"rendered":"<p><strong>Alassio. <\/strong>&#8220;Tutti pronti, cantonieri e vigili, per rimuovere i dehors l\u00e0 dove dovrebbe passare la nuova pista ciclabile&#8230;Ma \u00e8 arrivato il &#8216;contrordine compagni&#8217; perch\u00e9 il presidente del Tar, in via cautelativa, ha dato la sospensiva in attesa della discussione che si terr\u00e0 il 31 ottobre prossimo&#8221;. Questo il commento del neo capo gruppo in Regione del Pdl ed ex primo cittadino alassino Marco Melgrati, dopo la decisione del Tribunale amministrativo che impone lo stop alla rimozione dei dehor in via Dante ad Alassio. <\/p>\n<p>&#8220;Penso che l&#8217;amministrazione Avogadro abbia colto l&#8217;occasione per indispettire il Tar della Liguria, ben sapendo che c&#8217;\u00e8 ancora una sospensiva da discutere a fine mese. Una forzatura di questo tipo da parte del Comune \u00e8 veramente fuori luogo. E&#8217; l&#8217;ennesima brutta figura, una figura da cioccolatai, di questa amministrazione improvvisata e pressappochista&#8221;.<\/p>\n<p>&#8220;Disorientamento dei dipendenti comunali questa mattina, ancora una volta abbandonati come bandierine al vento, in balia degli eventi. Addirittura questa mattina sono stati aperti i posti auto a monte di via Dante, prima interdetti causa segnaletica, ancorch\u00e9 privi di segnaletica orizzontale, perch\u00e9 almeno le automobili possano parcheggiare. Pensare di realizzare una pista ciclabile, senza uno studio e un progetto, peraltro previsto per legge, e qui ad Alassio disatteso (non sar\u00e0 n\u00e9 la prima n\u00e9 l\u2019ultima cosa che viene disattesa da questa amministrazione Avogadro), contro il volere dei cittadini, dei commercianti e dei proprietari, \u00e8 una pazzia e un atto di arroganza senza precedenti&#8221; aggiunge ancora Melgrati.<\/p>\n<p>&#8220;E&#8217; una pista ciclabile che cambia tracciato secondo le esigenze del momento e le minacce pi\u00f9 o meno velate degli esercenti, una pista ciclabile che taglia pi\u00f9 di 150 posti auto, dopo la farsa dell\u2019impossibilit\u00e0 di realizzare i parcheggi a spina di pesce&#8230;&#8221; conclude l&#8217;esponente del Pdl.<\/p>\n","protected":false},"excerpt":{"rendered":"<p>Alassio. &#8220;Tutti pronti, cantonieri e vigili, per rimuovere i dehors l\u00e0 dove dovrebbe passare la nuova pista ciclabile&#8230;Ma \u00e8 arrivato il &#8216;contrordine compagni&#8217; perch\u00e9 il presidente del Tar, in via cautelativa, ha dato la sospensiva in attesa della discussione che si terr\u00e0 il 31 ottobre prossimo&#8221;. Questo il commento del neo capo gruppo in Regione [&hellip;]<\/p>\n","protected":false},"author":4,"featured_media":0,"comment_status":"open","ping_status":"closed","sticky":false,"template":"","format":"standard","meta":{"footnotes":""},"categories":[31],"tags":[85824,2328,3878,4886],"class_list":["post-227654","post","type-post","status-publish","format-standard","hentry","category-politica","tag-alassio","tag-marco-melgrati","tag-pista-ciclabile","tag-tar","post_cat_citta-alassio","post_cat_citta-andora"],"amp_validity":null,"amp_enabled":true,"_links":{"self":[{"href":"https:\/\/staging.ivg.it\/ediapi\/wp\/v2\/posts\/227654","targetHints":{"allow":["GET"]}}],"collection":[{"href":"https:\/\/staging.ivg.it\/ediapi\/wp\/v2\/posts"}],"about":[{"href":"https:\/\/staging.ivg.it\/ediapi\/wp\/v2\/types\/post"}],"author":[{"embeddable":true,"href":"https:\/\/staging.ivg.it\/ediapi\/wp\/v2\/users\/4"}],"replies":[{"embeddable":true,"href":"https:\/\/staging.ivg.it\/ediapi\/wp\/v2\/comments?post=227654"}],"version-history":[{"count":0,"href":"https:\/\/staging.ivg.it\/ediapi\/wp\/v2\/posts\/227654\/revisions"}],"wp:attachment":[{"href":"https:\/\/staging.ivg.it\/ediapi\/wp\/v2\/media?parent=227654"}],"wp:term":[{"taxonomy":"category","embeddable":true,"href":"https:\/\/staging.ivg.it\/ediapi\/wp\/v2\/categories?post=227654"},{"taxonomy":"post_tag","embeddable":true,"href":"https:\/\/staging.ivg.it\/ediapi\/wp\/v2\/tags?post=227654"}],"curies":[{"name":"wp","href":"https:\/\/api.w.org\/{rel}","templated":true}]}}