{"id":227507,"date":"2012-10-13T17:48:24","date_gmt":"2012-10-13T15:48:24","guid":{"rendered":"http:\/\/www.ivg.it\/?p=227507"},"modified":"2012-10-13T17:29:47","modified_gmt":"2012-10-13T15:29:47","slug":"maratona-alassio-testico-boom-di-adesioni-e-un-pullman-da-firenze-domani-lo-start","status":"publish","type":"post","link":"https:\/\/staging.ivg.it\/2012\/10\/maratona-alassio-testico-boom-di-adesioni-e-un-pullman-da-firenze-domani-lo-start\/","title":{"rendered":"Maratona Alassio-Testico: boom di adesioni e un pullman da Firenze, domani lo start"},"content":{"rendered":"<p><strong>Alassio<\/strong>. Dopo l\u2019edizione zero dell\u2019anno passato, attualmente stanno giungendo tantissime adesioni per la prima edizione dell\u2019Alassio-Testico, gara podistica di 19 Km inserita nel calendario Fidal con un dislivello complessivo di 521 metri e patrocinata dai Comuni di Alassio, Testico e dalla Provincia di Savona.<\/p>\n<p>L\u2019evento, importantissimo anche dal punto di vista turistico, coinvolge appassionati provenienti da diverse zone del nord Italia e non solo, in quanto \u00e8 atteso anche un pullman di atleti provenienti da Firenze. Il via \u00e8 previsto quindi domani 14 ottobre alle 9.30 presso Piazza Partigiani; si percorrer\u00e0 poi il caratteristico Budello Alassino con un passaggio sulla Passeggiata a mare per poter ammirare i colori del mare al mattino. Successivamente si transiter\u00e0 in via Diaz e si attraverser\u00e0 l&#8217;Aurelia in direzione Stadio Comunale Ferrando di Alassio e si inizier\u00e0 a salire verso la Strada Panoramica San Bernardo.<\/p>\n<p>Una salita continua di circa 5 km che porter\u00e0 alla Crocetta. Sulla Panoramica San Bernardo al Km 5 proprio di fronte al nuovo Parco Avventura Solleone ci sar\u00e0 il primo rifornimento di acqua e spugnaggio. Giungendo alla Crocetta la strada continuer\u00e0 a salire, sia pure in maniera pi\u00f9 &#8220;dolce&#8221; ancora per circa 1 Km. Dopo questa altra fase si arriver\u00e0 al falsopiano ondulato immerso nel verde sulla dorsale del Merula che ci porter\u00e0 in mezzo a mille panorami che sbucheranno al termine di ogni curva al paesino incantato di Testico, un borgo diventato residenza di tantissimi stranieri.<\/p>\n<p>Afferma Matteo Monti, assessore allo sport del Comune di Alassio: &#8220;Saranno presenti atleti del calibro di Giuliana Arrigoni, Corrado Bado e Ornella Ferrara e la loro presenza sicuramente potr\u00e0 dare ancora pi\u00f9 visibilit\u00e0 e spessore alla manifestazione, inoltre i due vincitori di categoria (maschile e femminile) poseranno la piastrella autografata sul Muretto dei Runners inaugurato il 15 Settembre scorso. Estendo un caloroso ringraziamento all\u2019Associazione Baia del Sole Alassio-Laigueglia che organizza la gara, alla Polizia Municipale per il coordinamento del traffico cittadino e a tutti volontari che si prodigano con il loro prezioso contributo al buon esito della manifestazione&#8221;.<\/p>\n<p>&#8220;Eventi come questo dislocati in periodi di bassa stagione sono fondamentali per l\u2019economia cittadina e uniscono chiaramente il binomio Sport-Turismo che rappresenta la base sulla quale viene costruita la programmazione turistica nel periodo invernale primaverile e autunnale&#8221; conclude l&#8217;assessore Monti.<\/p>\n","protected":false},"excerpt":{"rendered":"<p>Alassio. Dopo l\u2019edizione zero dell\u2019anno passato, attualmente stanno giungendo tantissime adesioni per la prima edizione dell\u2019Alassio-Testico, gara podistica di 19 Km inserita nel calendario Fidal con un dislivello complessivo di 521 metri e patrocinata dai Comuni di Alassio, Testico e dalla Provincia di Savona. L\u2019evento, importantissimo anche dal punto di vista turistico, coinvolge appassionati provenienti [&hellip;]<\/p>\n","protected":false},"author":13744,"featured_media":0,"comment_status":"open","ping_status":"closed","sticky":false,"template":"","format":"standard","meta":{"footnotes":""},"categories":[32],"tags":[85824,343],"class_list":["post-227507","post","type-post","status-publish","format-standard","hentry","category-sport","tag-alassio","tag-maratona","post_cat_citta-alassio","post_cat_citta-testico"],"amp_validity":null,"amp_enabled":true,"_links":{"self":[{"href":"https:\/\/staging.ivg.it\/ediapi\/wp\/v2\/posts\/227507","targetHints":{"allow":["GET"]}}],"collection":[{"href":"https:\/\/staging.ivg.it\/ediapi\/wp\/v2\/posts"}],"about":[{"href":"https:\/\/staging.ivg.it\/ediapi\/wp\/v2\/types\/post"}],"author":[{"embeddable":true,"href":"https:\/\/staging.ivg.it\/ediapi\/wp\/v2\/users\/13744"}],"replies":[{"embeddable":true,"href":"https:\/\/staging.ivg.it\/ediapi\/wp\/v2\/comments?post=227507"}],"version-history":[{"count":0,"href":"https:\/\/staging.ivg.it\/ediapi\/wp\/v2\/posts\/227507\/revisions"}],"wp:attachment":[{"href":"https:\/\/staging.ivg.it\/ediapi\/wp\/v2\/media?parent=227507"}],"wp:term":[{"taxonomy":"category","embeddable":true,"href":"https:\/\/staging.ivg.it\/ediapi\/wp\/v2\/categories?post=227507"},{"taxonomy":"post_tag","embeddable":true,"href":"https:\/\/staging.ivg.it\/ediapi\/wp\/v2\/tags?post=227507"}],"curies":[{"name":"wp","href":"https:\/\/api.w.org\/{rel}","templated":true}]}}