{"id":227304,"date":"2012-10-10T15:27:59","date_gmt":"2012-10-10T13:27:59","guid":{"rendered":"http:\/\/www.ivg.it\/?p=227304"},"modified":"2012-10-10T15:34:40","modified_gmt":"2012-10-10T13:34:40","slug":"altri-tagli-in-arrivo-nella-sanita-il-presidente-burlando-esclude-aumento-fiscalita-nel-2013","status":"publish","type":"post","link":"https:\/\/staging.ivg.it\/2012\/10\/altri-tagli-in-arrivo-nella-sanita-il-presidente-burlando-esclude-aumento-fiscalita-nel-2013\/","title":{"rendered":"Altri tagli in arrivo nella sanit\u00e0, il presidente Burlando esclude aumento fiscalit\u00e0 nel 2013"},"content":{"rendered":"<p><strong>Regione.<\/strong> Per il presidente della Regione Liguria Claudio Burlando &#8220;se il Governo usa il clima contro le Regioni per fare del male ai cittadini fa una mossa veramente ingiusta: un grande Paese non si governa cos\u00ec&#8221;. Gli ulteriori tagli alla sanit\u00e0 &#8211; &#8220;5,3 miliardi, perch\u00e9 l&#8217;ultimo miliardo si aggiunge ai 4,3 precedenti&#8221;- e la riforma del Titolo V &#8211; &#8220;fatta senza ascoltare la controparte&#8221; &#8211; non piacciono al governatore della Liguria.<\/p>\n<p>&#8220;All&#8217;ottanta per centro penso che la fiscalit\u00e0 il prossimo anno non la tocchiamo&#8221; ha comunque aggiunto Burlando. &#8220;Sono quasi certo visto l&#8217;esito delle operazioni fatte e dei bilanci della sanit\u00e0 di quest&#8217;anno. Questa volta siamo salvi. Ma \u00e8 evidente che c&#8217;\u00e8 un limite. E di fronte alle regioni come il Lazio che hanno accumulato disavanzi paurosi e non subiscono conseguenze cosa possiamo dire? Forse che era meglio non tagliare e non prendersi gli insulti dei cittadini?&#8221;.<\/p>\n<p>Per il presidente della Regione Liguria Claudio Burlando il Governo &#8220;non pu\u00f2 pensare di risolvere i problemi tagliando continuamente a Comuni, Province e Regioni senza operazioni mirate. Se una Regione ha accumulato 10 miliardi di disavanzo in sanit\u00e0 \u00e8 li che devi andare a colpire&#8221;. &#8220;Se invece una Regione ha seguito le norme, si \u00e8 messa a posto in anticipo come noi che abbiamo appena finito una manovra da 150-160 milioni, un nuovo taglio non d\u00e0 pi\u00f9 margini &#8211; ha aggiunto Burlando -. E&#8217; un modo di procedere, in un quadro di risanamento che pure ho condiviso e apprezzato, che non pu\u00f2 andare bene. Perch\u00e9 il Paese non cresce e perch\u00e9 vengono meno i presidi essenziali di tenuta democratica e sociale: la sanit\u00e0, la scuola e i servizi. Su questo punto spero che veramente si rendano conto. Altrimenti &#8211; ha detto Burlando &#8211; elimini l&#8217;Iva, che in realt\u00e0 \u00e8 solo dimezzata, diminuisci l&#8217;Irpef per i redditi medio bassi ma poi scatter\u00e0 l&#8217;Irpef regionale per sostituire i tagli alla sanit\u00e0 e allora non avremo risolto niente&#8221;. &#8220;Il Governo si \u00e8 proposto di dare conti in ordine al Paese ma anche dignit\u00e0&#8221; ha concluso Burlando.<\/p>\n","protected":false},"excerpt":{"rendered":"<p>Regione. Per il presidente della Regione Liguria Claudio Burlando &#8220;se il Governo usa il clima contro le Regioni per fare del male ai cittadini fa una mossa veramente ingiusta: un grande Paese non si governa cos\u00ec&#8221;. Gli ulteriori tagli alla sanit\u00e0 &#8211; &#8220;5,3 miliardi, perch\u00e9 l&#8217;ultimo miliardo si aggiunge ai 4,3 precedenti&#8221;- e la riforma [&hellip;]<\/p>\n","protected":false},"author":13744,"featured_media":0,"comment_status":"open","ping_status":"closed","sticky":false,"template":"","format":"standard","meta":{"footnotes":""},"categories":[35],"tags":[284,295,111,1466],"class_list":["post-227304","post","type-post","status-publish","format-standard","hentry","category-economia","tag-claudio-burlando","tag-regione","tag-sanita","tag-tagli","post_cat_citta-andora"],"amp_validity":null,"amp_enabled":true,"_links":{"self":[{"href":"https:\/\/staging.ivg.it\/ediapi\/wp\/v2\/posts\/227304","targetHints":{"allow":["GET"]}}],"collection":[{"href":"https:\/\/staging.ivg.it\/ediapi\/wp\/v2\/posts"}],"about":[{"href":"https:\/\/staging.ivg.it\/ediapi\/wp\/v2\/types\/post"}],"author":[{"embeddable":true,"href":"https:\/\/staging.ivg.it\/ediapi\/wp\/v2\/users\/13744"}],"replies":[{"embeddable":true,"href":"https:\/\/staging.ivg.it\/ediapi\/wp\/v2\/comments?post=227304"}],"version-history":[{"count":0,"href":"https:\/\/staging.ivg.it\/ediapi\/wp\/v2\/posts\/227304\/revisions"}],"wp:attachment":[{"href":"https:\/\/staging.ivg.it\/ediapi\/wp\/v2\/media?parent=227304"}],"wp:term":[{"taxonomy":"category","embeddable":true,"href":"https:\/\/staging.ivg.it\/ediapi\/wp\/v2\/categories?post=227304"},{"taxonomy":"post_tag","embeddable":true,"href":"https:\/\/staging.ivg.it\/ediapi\/wp\/v2\/tags?post=227304"}],"curies":[{"name":"wp","href":"https:\/\/api.w.org\/{rel}","templated":true}]}}