{"id":227248,"date":"2012-10-09T19:22:53","date_gmt":"2012-10-09T17:22:53","guid":{"rendered":"http:\/\/www.ivg.it\/?p=227248"},"modified":"2012-11-08T09:36:46","modified_gmt":"2012-11-08T08:36:46","slug":"millesimo-cassa-integrazione-alla-fresia-lazienda-attende-trasferimento-nel-polo-della-meccanica","status":"publish","type":"post","link":"https:\/\/staging.ivg.it\/2012\/10\/millesimo-cassa-integrazione-alla-fresia-lazienda-attende-trasferimento-nel-polo-della-meccanica\/","title":{"rendered":"Millesimo, cassa integrazione alla Fresia: l&#8217;azienda attende trasferimento nel polo della meccanica"},"content":{"rendered":"<p><strong>Millesimo.<\/strong> Ammortizzatori sociali per una ventina di dipendenti della Fresia Spa di Millesimo. La cassa integrazione durer\u00e0 per tre mesi. Il provvedimento \u00e8 stato deciso a seguito di una contrazione del mercato relativo ai trattori utilizzati per gli aeroporti. <\/p>\n<p>La cassa ordinaria riguarda comunque meno della met\u00e0 di lavoratori. La Fresia, che ha nel suo organico una settantina di unit\u00e0, \u00e8 in attesa di completare l\u2019iter per l\u2019operazione di trasferimento nella nuova area di Pertite dove nascer\u00e0 il nuovo polo della meccanica. Il sito produttivo consentirebbe all&#8217;azienda un risparmio risparmiare sui costi di gestione e razionalizzare spazi e lavoro.<\/p>\n","protected":false},"excerpt":{"rendered":"<p>Millesimo. Ammortizzatori sociali per una ventina di dipendenti della Fresia Spa di Millesimo. La cassa integrazione durer\u00e0 per tre mesi. Il provvedimento \u00e8 stato deciso a seguito di una contrazione del mercato relativo ai trattori utilizzati per gli aeroporti. La cassa ordinaria riguarda comunque meno della met\u00e0 di lavoratori. La Fresia, che ha nel suo [&hellip;]<\/p>\n","protected":false},"author":13744,"featured_media":0,"comment_status":"open","ping_status":"closed","sticky":false,"template":"","format":"standard","meta":{"footnotes":""},"categories":[35],"tags":[1526,9221,85857],"class_list":["post-227248","post","type-post","status-publish","format-standard","hentry","category-economia","tag-cassa-integrazione","tag-fresia","tag-millesimo","post_cat_citta-andora","post_cat_citta-millesimo"],"amp_validity":null,"amp_enabled":true,"_links":{"self":[{"href":"https:\/\/staging.ivg.it\/ediapi\/wp\/v2\/posts\/227248","targetHints":{"allow":["GET"]}}],"collection":[{"href":"https:\/\/staging.ivg.it\/ediapi\/wp\/v2\/posts"}],"about":[{"href":"https:\/\/staging.ivg.it\/ediapi\/wp\/v2\/types\/post"}],"author":[{"embeddable":true,"href":"https:\/\/staging.ivg.it\/ediapi\/wp\/v2\/users\/13744"}],"replies":[{"embeddable":true,"href":"https:\/\/staging.ivg.it\/ediapi\/wp\/v2\/comments?post=227248"}],"version-history":[{"count":0,"href":"https:\/\/staging.ivg.it\/ediapi\/wp\/v2\/posts\/227248\/revisions"}],"wp:attachment":[{"href":"https:\/\/staging.ivg.it\/ediapi\/wp\/v2\/media?parent=227248"}],"wp:term":[{"taxonomy":"category","embeddable":true,"href":"https:\/\/staging.ivg.it\/ediapi\/wp\/v2\/categories?post=227248"},{"taxonomy":"post_tag","embeddable":true,"href":"https:\/\/staging.ivg.it\/ediapi\/wp\/v2\/tags?post=227248"}],"curies":[{"name":"wp","href":"https:\/\/api.w.org\/{rel}","templated":true}]}}