{"id":227193,"date":"2012-10-09T14:16:51","date_gmt":"2012-10-09T12:16:51","guid":{"rendered":"http:\/\/www.ivg.it\/?p=227193"},"modified":"2012-10-09T18:49:54","modified_gmt":"2012-10-09T16:49:54","slug":"montaldo-santa-corona-non-chiude-pronto-soccorso-albenga","status":"publish","type":"post","link":"https:\/\/staging.ivg.it\/2012\/10\/montaldo-santa-corona-non-chiude-pronto-soccorso-albenga\/","title":{"rendered":"L&#8217;assessore Montaldo: &#8220;Il Santa Corona non chiude, su orario primo soccorso Albenga decider\u00e0 il consiglio&#8221;"},"content":{"rendered":"<p><strong>Ponente<\/strong>. I vari &#8220;j&#8217;accuse&#8221; di cittadini e sindaci del territorio sono tutti rivolti a lui, all&#8217;assessore &#8220;taglia-pronto soccorso&#8221; le cui decisioni, dettate dai tagli che non risparmiano alcun settore, vanno a penalizzare in particolare gli ospedali di Albenga e Cairo Montenotte. Dopo che Claudio Montaldo ha confermato il declassamento del pronto ingauno, gli occhi sono puntati sulla copertura oraria, sulle 24 o sulle 12 ore, e l&#8217;ipotesi del management Asl \u00e8 per quella pi\u00f9 riduttiva.<\/p>\n<p>Sulla copertura, dunque, di quello che presto sar\u00e0 il presidio di primo soccorso al Santa Maria di Misericordia, &#8220;l&#8217;orario \u00e8 quello proposto dall&#8217;azienda sanitaria&#8221; precisa l&#8217;assessore Montaldo, che commenta: &#8220;Ne discuteremo in consiglio regionale. Per ora mi attengo alle soluzioni presentate dai direttori dell&#8217;Asl&#8221;.<\/p>\n<p>L&#8217;altro fronte polemico \u00e8 sul cosiddetto ospedale unico, mai meglio identificato, che ha sollevato la preoccupazioni di molti sul futuro del Santa Corona. &#8221; Al Santa Corona abbiamo una struttura di tutto rispetto, con fior fiore di attivit\u00e0 che vengono svolte per l&#8217;area di riferimento del ponente savonese e per la Liguria &#8211; osserva Montaldo &#8211; C&#8217;\u00e8 anche l&#8217;attrazione a livello nazionale: Pietra \u00e8 uno dei centri di ortopedia e traumatologia pi\u00f9 importanti e qualificati nel nostro Paese&#8221;.<\/p>\n<p>&#8220;Purtroppo &#8211; aggiunge &#8211; ci sono due ospedali a ponente e certe decisioni dovevano essere prese in altri tempi. Noi abbiamo pensato ad una specializzazione di Albenga, consona all&#8217;area e complementare al Santa Corona, che prevede l&#8217;attivit\u00e0 ortopedica elettiva insieme a servizi medico-chirurgici destinati al territorio. Quindi ad Albenga, che ha una sua qualit\u00e0 edilizia e tecnologica, rimane la vocazione di risposta al territorio, anche per gli anziani, e sul piano chirurgico nella bassa e media complessit\u00e0&#8221;.<\/p>\n<p>C&#8217;\u00e8 invece un modello teso ad allargarsi ed implementarsi: quello dei centri salute. Dopo la delibera regionale, il paradigma savonese attende di essere esportato nelle altre province della Liguria per dare centralit\u00e0 alle medicine di gruppo. &#8220;Le altre province devono muoversi e seguire Savona &#8211; conferma l&#8217;assessore Montaldo &#8211; a partire dai medici e dai distretti. I medici di famiglia cos\u00ec organizzati possono stare all&#8217;interno di strutture ospedaliere o poliambulatoriali pubbliche: questo \u00e8 l&#8217;ideale. Anche a Genova, dove ci sono maggiori resistenze nell&#8217;aggregazione dei medici, qualcosa si muove&#8221;.<\/p>\n","protected":false},"excerpt":{"rendered":"<p>Ponente. I vari &#8220;j&#8217;accuse&#8221; di cittadini e sindaci del territorio sono tutti rivolti a lui, all&#8217;assessore &#8220;taglia-pronto soccorso&#8221; le cui decisioni, dettate dai tagli che non risparmiano alcun settore, vanno a penalizzare in particolare gli ospedali di Albenga e Cairo Montenotte. Dopo che Claudio Montaldo ha confermato il declassamento del pronto ingauno, gli occhi sono [&hellip;]<\/p>\n","protected":false},"author":13744,"featured_media":0,"comment_status":"open","ping_status":"closed","sticky":false,"template":"","format":"standard","meta":{"footnotes":""},"categories":[31],"tags":[85841,910,872,670,2688,295,111,302],"class_list":["post-227193","post","type-post","status-publish","format-standard","hentry","category-politica","tag-albenga","tag-claudio-montaldo","tag-ospedale","tag-pietra","tag-pronto-soccorso","tag-regione","tag-sanita","tag-santa-corona","post_cat_citta-albenga","post_cat_citta-pietra-ligure"],"amp_validity":null,"amp_enabled":true,"_links":{"self":[{"href":"https:\/\/staging.ivg.it\/ediapi\/wp\/v2\/posts\/227193","targetHints":{"allow":["GET"]}}],"collection":[{"href":"https:\/\/staging.ivg.it\/ediapi\/wp\/v2\/posts"}],"about":[{"href":"https:\/\/staging.ivg.it\/ediapi\/wp\/v2\/types\/post"}],"author":[{"embeddable":true,"href":"https:\/\/staging.ivg.it\/ediapi\/wp\/v2\/users\/13744"}],"replies":[{"embeddable":true,"href":"https:\/\/staging.ivg.it\/ediapi\/wp\/v2\/comments?post=227193"}],"version-history":[{"count":0,"href":"https:\/\/staging.ivg.it\/ediapi\/wp\/v2\/posts\/227193\/revisions"}],"wp:attachment":[{"href":"https:\/\/staging.ivg.it\/ediapi\/wp\/v2\/media?parent=227193"}],"wp:term":[{"taxonomy":"category","embeddable":true,"href":"https:\/\/staging.ivg.it\/ediapi\/wp\/v2\/categories?post=227193"},{"taxonomy":"post_tag","embeddable":true,"href":"https:\/\/staging.ivg.it\/ediapi\/wp\/v2\/tags?post=227193"}],"curies":[{"name":"wp","href":"https:\/\/api.w.org\/{rel}","templated":true}]}}