{"id":226926,"date":"2012-10-05T11:42:39","date_gmt":"2012-10-05T09:42:39","guid":{"rendered":"http:\/\/www.ivg.it\/?p=226926"},"modified":"2012-10-05T11:42:39","modified_gmt":"2012-10-05T09:42:39","slug":"giornata-per-labbattimento-di-barriere-architettoniche-iniziativa-a-pietra","status":"publish","type":"post","link":"https:\/\/staging.ivg.it\/2012\/10\/giornata-per-labbattimento-di-barriere-architettoniche-iniziativa-a-pietra\/","title":{"rendered":"&#8220;Giornata per l&#8217;abbattimento di barriere architettoniche&#8221;: iniziativa a Pietra"},"content":{"rendered":"<p><strong>Pietra L.<\/strong> Domani alcuni alunni delle scuole elementari e medie di Pietra Ligure faranno un&#8217;esperienza di diretto contatto con le problematiche che i diversamente abili affrontano quotidianamente per superare le barriere architettoniche.<\/p>\n<p>Una giornata organizzata dal Comune di Pietra Ligure, assessorato Pubblica Istruzione &#8211; Politiche sociali con la collaborazione dell&#8217;Ascom (associazione commercianti di Pietra Ligure) e l&#8217;associazione attivita&#8217; produttive &#8220;Facciamo centro&#8221;, in occasione della decima edizione della &#8220;Giornata nazionale per l&#8217;abbattimento delle barriere architettoniche&#8221;. <\/p>\n<p>L&#8217;intento \u00e8 quello di far vivere in prima persona quel che &#8220;normalmente&#8221; una persona con disabilit\u00e0 si trova ad affrontare al fine dell&#8217;espletamento della propria quotidianit\u00e0. L&#8217;evento avr\u00e0 come &#8220;location&#8221; il centro storico pietrese, oggetto nei mesi scorsi di un attenta &#8220;mappatura&#8221;.<\/p>\n<p>Accompagnati da operatori e persone diversamente abili, in rappresentanza di Unita&#8217; Spinale di Pietra Ligure, associazone Jonathan Livingston ed Unione Italiana Ciechi sezione provinciale di Savona, gli alunni saranno guidati in  esperienze di &#8220;quotidianit\u00e0&#8221;.<\/p>\n<p>Il ritrovo \u00e8 fissato per le ore 10 in piazza Vittorio Emanuele II.<\/p>\n","protected":false},"excerpt":{"rendered":"<p>Pietra L. Domani alcuni alunni delle scuole elementari e medie di Pietra Ligure faranno un&#8217;esperienza di diretto contatto con le problematiche che i diversamente abili affrontano quotidianamente per superare le barriere architettoniche. Una giornata organizzata dal Comune di Pietra Ligure, assessorato Pubblica Istruzione &#8211; Politiche sociali con la collaborazione dell&#8217;Ascom (associazione commercianti di Pietra Ligure) [&hellip;]<\/p>\n","protected":false},"author":13744,"featured_media":0,"comment_status":"open","ping_status":"closed","sticky":false,"template":"","format":"standard","meta":{"footnotes":""},"categories":[],"tags":[1169,670],"class_list":["post-226926","post","type-post","status-publish","format-standard","hentry","tag-barriere-architettoniche","tag-pietra","post_cat_citta-pietra-ligure"],"amp_validity":null,"amp_enabled":true,"_links":{"self":[{"href":"https:\/\/staging.ivg.it\/ediapi\/wp\/v2\/posts\/226926","targetHints":{"allow":["GET"]}}],"collection":[{"href":"https:\/\/staging.ivg.it\/ediapi\/wp\/v2\/posts"}],"about":[{"href":"https:\/\/staging.ivg.it\/ediapi\/wp\/v2\/types\/post"}],"author":[{"embeddable":true,"href":"https:\/\/staging.ivg.it\/ediapi\/wp\/v2\/users\/13744"}],"replies":[{"embeddable":true,"href":"https:\/\/staging.ivg.it\/ediapi\/wp\/v2\/comments?post=226926"}],"version-history":[{"count":0,"href":"https:\/\/staging.ivg.it\/ediapi\/wp\/v2\/posts\/226926\/revisions"}],"wp:attachment":[{"href":"https:\/\/staging.ivg.it\/ediapi\/wp\/v2\/media?parent=226926"}],"wp:term":[{"taxonomy":"category","embeddable":true,"href":"https:\/\/staging.ivg.it\/ediapi\/wp\/v2\/categories?post=226926"},{"taxonomy":"post_tag","embeddable":true,"href":"https:\/\/staging.ivg.it\/ediapi\/wp\/v2\/tags?post=226926"}],"curies":[{"name":"wp","href":"https:\/\/api.w.org\/{rel}","templated":true}]}}