{"id":226872,"date":"2012-10-04T12:32:25","date_gmt":"2012-10-04T10:32:25","guid":{"rendered":"http:\/\/www.ivg.it\/?p=226872"},"modified":"2012-10-04T19:09:32","modified_gmt":"2012-10-04T17:09:32","slug":"autorita-portuale-firma-del-ministro-per-gianluigi-miazza-presidente-ora-il-parere-delle-commissioni","status":"publish","type":"post","link":"https:\/\/staging.ivg.it\/2012\/10\/autorita-portuale-firma-del-ministro-per-gianluigi-miazza-presidente-ora-il-parere-delle-commissioni\/","title":{"rendered":"Autorit\u00e0 Portuale: firma del ministro per Gianluigi Miazza presidente, ora il parere delle Commissioni"},"content":{"rendered":"<p><strong>Savona<\/strong>. E&#8217; arrivata la firma del ministro per lo sviluppo economico, Corrado Passera, per la designazione di Gianluigi Miazza alla presidenza dell&#8217;Autorit\u00e0 Portuale di Savona. Il passaggio per l&#8217;avvicendamento con l&#8217;uscente Rino Canavese al timone dell&#8217;Authority, per\u00f2, non \u00e8 ancora concluso: la pratica passa ora alle Commissioni di Camera e Senato.<\/p>\n<p>Il presidente della Commissione Infrastrutture del Senato, Luigi Grillo, ha espresso &#8220;apprezzamento&#8221; per la scelta di Miazza per la presidenza dell&#8217;Autorit\u00e0 Portuale. &#8220;Personalmente apprezzo la scelta che, in uno spirito di continuit\u00e0 con la precedente gestione, \u00e8 scaturita da una forte condivisione tra il mondo imprenditoriale portuale e le istituzioni locali&#8221; ha detto Grillo.<\/p>\n<p>&#8220;La Commissione si impegner\u00e0 a esprimere un parere nel minor tempo possibile &#8211; ha aggiunto &#8211; La scelta del dottor Miazza, che ha ricoperto fino a oggi un importante ruolo nell&#8217;imprenditoria portuale privata, rappresenta, oltre che un elemento di continuit\u00e0 per un porto che ha avviato importanti operazioni di sviluppo, anche un arricchimento per l&#8217;intero sistema dei porti liguri&#8221;.<\/p>\n<p>Si avvia cos\u00ec verso la conclusione la complicata procedura di nomina del nuovo presidente, che ha visto gli enti savonesi convergere a fatica su un nome comune, sollecitati dalla Regione. Cinquantenne di origini genovesi, Miazza \u00e8 amministratore delegato di Funivie Spa e manager dell&#8217;Italiana Coke di Cairo. Un uomo da profilo tecnico &#8211; hanno sottolineato da pi\u00f9 parti &#8211; con una conoscenza diretta del terminal Funivie, ma anche in genere dell&#8217;economia di settore per aver fatto parte del Comitato Portuale uscente in rappresentanza degli Industriali. Gli altri due nomi indicati nella terna che \u00e8 stata sottoposta al Ministero (per far numero) sono quelli del dirigente comunale savonese Luca Pesce e di Alberto Fulcini, presidente dell&#8217;Interporto Vio di Vado Ligure.<\/p>\n","protected":false},"excerpt":{"rendered":"<p>Savona. E&#8217; arrivata la firma del ministro per lo sviluppo economico, Corrado Passera, per la designazione di Gianluigi Miazza alla presidenza dell&#8217;Autorit\u00e0 Portuale di Savona. Il passaggio per l&#8217;avvicendamento con l&#8217;uscente Rino Canavese al timone dell&#8217;Authority, per\u00f2, non \u00e8 ancora concluso: la pratica passa ora alle Commissioni di Camera e Senato. Il presidente della Commissione [&hellip;]<\/p>\n","protected":false},"author":13744,"featured_media":0,"comment_status":"open","ping_status":"closed","sticky":false,"template":"","format":"standard","meta":{"footnotes":""},"categories":[35,31],"tags":[1543,42625,2154,968,85850],"class_list":["post-226872","post","type-post","status-publish","format-standard","hentry","category-economia","category-politica","tag-autorita-portuale","tag-gianluigi-miazza","tag-luigi-grillo","tag-porto","tag-savona","post_cat_citta-savona","post_cat_citta-vado-ligure"],"amp_validity":null,"amp_enabled":true,"_links":{"self":[{"href":"https:\/\/staging.ivg.it\/ediapi\/wp\/v2\/posts\/226872","targetHints":{"allow":["GET"]}}],"collection":[{"href":"https:\/\/staging.ivg.it\/ediapi\/wp\/v2\/posts"}],"about":[{"href":"https:\/\/staging.ivg.it\/ediapi\/wp\/v2\/types\/post"}],"author":[{"embeddable":true,"href":"https:\/\/staging.ivg.it\/ediapi\/wp\/v2\/users\/13744"}],"replies":[{"embeddable":true,"href":"https:\/\/staging.ivg.it\/ediapi\/wp\/v2\/comments?post=226872"}],"version-history":[{"count":0,"href":"https:\/\/staging.ivg.it\/ediapi\/wp\/v2\/posts\/226872\/revisions"}],"wp:attachment":[{"href":"https:\/\/staging.ivg.it\/ediapi\/wp\/v2\/media?parent=226872"}],"wp:term":[{"taxonomy":"category","embeddable":true,"href":"https:\/\/staging.ivg.it\/ediapi\/wp\/v2\/categories?post=226872"},{"taxonomy":"post_tag","embeddable":true,"href":"https:\/\/staging.ivg.it\/ediapi\/wp\/v2\/tags?post=226872"}],"curies":[{"name":"wp","href":"https:\/\/api.w.org\/{rel}","templated":true}]}}