{"id":226835,"date":"2012-10-03T17:13:48","date_gmt":"2012-10-03T15:13:48","guid":{"rendered":"http:\/\/www.ivg.it\/?p=226835"},"modified":"2012-10-03T20:09:27","modified_gmt":"2012-10-03T18:09:27","slug":"anagrafe-pubblica-degli-eletti-rossi-sel-una-necessita","status":"publish","type":"post","link":"https:\/\/staging.ivg.it\/2012\/10\/anagrafe-pubblica-degli-eletti-rossi-sel-una-necessita\/","title":{"rendered":"Anagrafe pubblica degli eletti, Rossi (Sel): &#8220;Una necessit\u00e0&#8221;"},"content":{"rendered":"<p><strong>Liguria.<\/strong> Una proposta di legge sull\u2019istituzione dell\u2019anagrafe pubblica degli eletti con l\u2019obiettivo di offrire ai cittadini massima informazione e trasparenza sui vari aspetti finanziari, operativi, amministrativi legati all\u2019attivit\u00e0 di consiglieri ed assessori regionali. E&#8217; quella sollecitata dal consigliere Sel Matteo Rossi.<\/p>\n<p>&#8220;Si tratta di una prassi consolidata nei paesi anglosassoni di istituire una vera e propria banca dati online completa di dati anagrafici dei singoli, incarichi, ruoli, indennit\u00e0, compensi, presenze, attivit\u00e0 svolte, che consentirebbe a qualsiasi cittadino di conoscere e valutare l\u2019operato degli eletti, esercitando il suo diritto di partecipazione alla cosa pubblica &#8211; dice Rossi &#8211;   Un provvedimento semplice e diretto che porrebbe fine a molti discorsi fumosi e demagogici, che riteniamo ormai indispensabile per garantire un corretto e trasparente funzionamento delle istituzioni e dell\u2019attivit\u00e0 politica e al quale, ne siamo convinti, tutti gli altri consiglieri vorranno aderire aggiungendo la propria firma&#8221;. <\/p>\n<p>&#8220;L\u2019Anagrafe pubblica degli eletti sta seguendo il solito iter procedurale che accompagna una proposta di iniziativa consiliare e quindi non ha avuto n\u00e9 accelerazioni n\u00e9 rallentamenti. Dopo le legge sulla VAS e sull&#8217;uso dei farmaci a base di cannabinoidi a fini terapeutici, questa \u00e8 la terza legge di nostra iniziativa discussa nel 2012. Ci\u00f2 dimostra che se si ha la vera volont\u00e0 di cambiare le cose non serve parlare, basta agire facendo delle proposte legislative o di modifica della legislazione esistente&#8221; conclude il rappresentante di Sel.<\/p>\n","protected":false},"excerpt":{"rendered":"<p>Liguria. Una proposta di legge sull\u2019istituzione dell\u2019anagrafe pubblica degli eletti con l\u2019obiettivo di offrire ai cittadini massima informazione e trasparenza sui vari aspetti finanziari, operativi, amministrativi legati all\u2019attivit\u00e0 di consiglieri ed assessori regionali. E&#8217; quella sollecitata dal consigliere Sel Matteo Rossi. &#8220;Si tratta di una prassi consolidata nei paesi anglosassoni di istituire una vera e [&hellip;]<\/p>\n","protected":false},"author":13744,"featured_media":0,"comment_status":"open","ping_status":"closed","sticky":false,"template":"","format":"standard","meta":{"footnotes":""},"categories":[31],"tags":[393,25350,20379],"class_list":["post-226835","post","type-post","status-publish","format-standard","hentry","category-politica","tag-liguria","tag-matteo-rossi","tag-sel","post_cat_citta-andora"],"amp_validity":null,"amp_enabled":true,"_links":{"self":[{"href":"https:\/\/staging.ivg.it\/ediapi\/wp\/v2\/posts\/226835","targetHints":{"allow":["GET"]}}],"collection":[{"href":"https:\/\/staging.ivg.it\/ediapi\/wp\/v2\/posts"}],"about":[{"href":"https:\/\/staging.ivg.it\/ediapi\/wp\/v2\/types\/post"}],"author":[{"embeddable":true,"href":"https:\/\/staging.ivg.it\/ediapi\/wp\/v2\/users\/13744"}],"replies":[{"embeddable":true,"href":"https:\/\/staging.ivg.it\/ediapi\/wp\/v2\/comments?post=226835"}],"version-history":[{"count":0,"href":"https:\/\/staging.ivg.it\/ediapi\/wp\/v2\/posts\/226835\/revisions"}],"wp:attachment":[{"href":"https:\/\/staging.ivg.it\/ediapi\/wp\/v2\/media?parent=226835"}],"wp:term":[{"taxonomy":"category","embeddable":true,"href":"https:\/\/staging.ivg.it\/ediapi\/wp\/v2\/categories?post=226835"},{"taxonomy":"post_tag","embeddable":true,"href":"https:\/\/staging.ivg.it\/ediapi\/wp\/v2\/tags?post=226835"}],"curies":[{"name":"wp","href":"https:\/\/api.w.org\/{rel}","templated":true}]}}