{"id":226589,"date":"2012-10-01T13:49:54","date_gmt":"2012-10-01T11:49:54","guid":{"rendered":"http:\/\/www.ivg.it\/?p=226589"},"modified":"2012-10-01T14:30:21","modified_gmt":"2012-10-01T12:30:21","slug":"costi-della-politica-anci-su-macroregioni-riflessione-sia-accurata","status":"publish","type":"post","link":"https:\/\/staging.ivg.it\/2012\/10\/costi-della-politica-anci-su-macroregioni-riflessione-sia-accurata\/","title":{"rendered":"Costi della politica, Anci: &#8220;Su macroregioni riflessione sia accurata&#8221;"},"content":{"rendered":"<p>&#8220;Commentare proposte estemporanee sotto l&#8217;onda emotiva non fa parte del mio stile, vediamo cosa si pensa di fare di questo Paese&#8221;. Cos\u00ec il sindaco di Reggio Emilia e presidente dell&#8217;Anci, Graziano Delrio, ha commentato la ipotesi di tre macroregioni italiane, rispondendo ai giornalisti a margine del Cal sul riordino delle Province in Emilia-Romagna. &#8220;Noi per adesso abbiamo messo punti fermi &#8211; ha rilevato &#8211; sul fatto che i Comuni piccoli facciano gestioni associate e sul fatto che le Province diventino enti di secondo grado. Sulle dimensioni regionali ci vuole una riflessione che sia pi\u00f9 accurata. C&#8217;erano a suo tempo gli studi della Fondazione Agnelli che cercavano di dare un senso all&#8217;organizzazione regionale sulla base delle esigenze di una nazione moderna&#8221;. <\/p>\n<p>Certo &#8220;questo federalismo basato sul regionalismo ha mostrato molti limiti (nel caso della nostra Regione no, ma in molti altri casi s\u00ec), quindi c&#8217;\u00e8 bisogno di un ripensamento, evitando che il federalismo sia la riproposizione in chiave regionale dei difetti dello Stato accentratore&#8221;. La direzione giusta, ha proseguito, &#8220;era ed \u00e8 la Carta delle Autonomie per\u00f2 poi non ci si pu\u00f2 lamentare se il Governo fa decreti quando la Carta delle Autonomie sta ferma due anni in Parlamento&#8221;. E la sede giusta \u00e8 &#8220;la Conferenza unificata Stato-Regioni-Enti locali, i tavoli inter-istituzionali: questo andrebbe fatto, ma purtroppo non credo che ci sar\u00e0 il tempo&#8221;.<\/p>\n","protected":false},"excerpt":{"rendered":"<p>&#8220;Commentare proposte estemporanee sotto l&#8217;onda emotiva non fa parte del mio stile, vediamo cosa si pensa di fare di questo Paese&#8221;. Cos\u00ec il sindaco di Reggio Emilia e presidente dell&#8217;Anci, Graziano Delrio, ha commentato la ipotesi di tre macroregioni italiane, rispondendo ai giornalisti a margine del Cal sul riordino delle Province in Emilia-Romagna. &#8220;Noi per [&hellip;]<\/p>\n","protected":false},"author":13744,"featured_media":0,"comment_status":"open","ping_status":"closed","sticky":false,"template":"","format":"standard","meta":{"footnotes":""},"categories":[35,31],"tags":[1567,40841],"class_list":["post-226589","post","type-post","status-publish","format-standard","hentry","category-economia","category-politica","tag-anci","tag-spending-review","post_cat_citta-andora"],"amp_validity":null,"amp_enabled":true,"_links":{"self":[{"href":"https:\/\/staging.ivg.it\/ediapi\/wp\/v2\/posts\/226589","targetHints":{"allow":["GET"]}}],"collection":[{"href":"https:\/\/staging.ivg.it\/ediapi\/wp\/v2\/posts"}],"about":[{"href":"https:\/\/staging.ivg.it\/ediapi\/wp\/v2\/types\/post"}],"author":[{"embeddable":true,"href":"https:\/\/staging.ivg.it\/ediapi\/wp\/v2\/users\/13744"}],"replies":[{"embeddable":true,"href":"https:\/\/staging.ivg.it\/ediapi\/wp\/v2\/comments?post=226589"}],"version-history":[{"count":0,"href":"https:\/\/staging.ivg.it\/ediapi\/wp\/v2\/posts\/226589\/revisions"}],"wp:attachment":[{"href":"https:\/\/staging.ivg.it\/ediapi\/wp\/v2\/media?parent=226589"}],"wp:term":[{"taxonomy":"category","embeddable":true,"href":"https:\/\/staging.ivg.it\/ediapi\/wp\/v2\/categories?post=226589"},{"taxonomy":"post_tag","embeddable":true,"href":"https:\/\/staging.ivg.it\/ediapi\/wp\/v2\/tags?post=226589"}],"curies":[{"name":"wp","href":"https:\/\/api.w.org\/{rel}","templated":true}]}}