{"id":226506,"date":"2012-09-30T15:02:57","date_gmt":"2012-09-30T13:02:57","guid":{"rendered":"http:\/\/www.ivg.it\/?p=226506"},"modified":"2012-09-30T20:02:30","modified_gmt":"2012-09-30T18:02:30","slug":"giro-ditalia-liguria-snobbata-nessuna-tappa-e-nessun-passaggio-nella-nostra-regione","status":"publish","type":"post","link":"https:\/\/staging.ivg.it\/2012\/09\/giro-ditalia-liguria-snobbata-nessuna-tappa-e-nessun-passaggio-nella-nostra-regione\/","title":{"rendered":"Giro d&#8217;Italia, Liguria &#8220;snobbata&#8221;: nessuna tappa e nessun &#8220;passaggio&#8221; nella nostra regione"},"content":{"rendered":"<p><strong>Milano<\/strong>. E&#8217; stato presentato oggi a Milano il 96\u2019 giro d\u2019Italia del 2013 (l\u2019anno scorso la vittoria del canadese Ryder Hesjedal).<\/p>\n<p>Sar\u00e0 un giro durissimo, che comincer\u00e0 con una cronometro a Napoli. Poi Ischia, Sorrento, la tappa sulla splendida costa del Cilento fino a Marina di Ascea, ma nessuna tappa in Liguria.<\/p>\n<p>Il Giro che era stato accolta con grande entusiasmo nel 2011 a Rapallo e poi a Savona nel 2012, non solo non avr\u00e0 n\u00e9 tappe di arrivo n\u00e9 di partenza dalla Liguria, ma nemmeno ne attraverser\u00e0 il suolo.<\/p>\n<p>Delusi i molti sostenitori liguri, che non solo ogni domenica percorrono le molte salite che la regione offre e che hanno sempre affollato le strade del Giro quando \u00e8 passato da queste parti. Per quest\u2019anno dovranno accontentarsi della sola Milano-Sanremo.<\/p>\n","protected":false},"excerpt":{"rendered":"<p>Milano. E&#8217; stato presentato oggi a Milano il 96\u2019 giro d\u2019Italia del 2013 (l\u2019anno scorso la vittoria del canadese Ryder Hesjedal). Sar\u00e0 un giro durissimo, che comincer\u00e0 con una cronometro a Napoli. Poi Ischia, Sorrento, la tappa sulla splendida costa del Cilento fino a Marina di Ascea, ma nessuna tappa in Liguria. Il Giro che [&hellip;]<\/p>\n","protected":false},"author":13744,"featured_media":0,"comment_status":"open","ping_status":"closed","sticky":false,"template":"","format":"standard","meta":{"footnotes":""},"categories":[32],"tags":[515,11635,393],"class_list":["post-226506","post","type-post","status-publish","format-standard","hentry","category-sport","tag-ciclismo","tag-giro-ditalia","tag-liguria","post_cat_citta-andora"],"amp_validity":null,"amp_enabled":true,"_links":{"self":[{"href":"https:\/\/staging.ivg.it\/ediapi\/wp\/v2\/posts\/226506","targetHints":{"allow":["GET"]}}],"collection":[{"href":"https:\/\/staging.ivg.it\/ediapi\/wp\/v2\/posts"}],"about":[{"href":"https:\/\/staging.ivg.it\/ediapi\/wp\/v2\/types\/post"}],"author":[{"embeddable":true,"href":"https:\/\/staging.ivg.it\/ediapi\/wp\/v2\/users\/13744"}],"replies":[{"embeddable":true,"href":"https:\/\/staging.ivg.it\/ediapi\/wp\/v2\/comments?post=226506"}],"version-history":[{"count":0,"href":"https:\/\/staging.ivg.it\/ediapi\/wp\/v2\/posts\/226506\/revisions"}],"wp:attachment":[{"href":"https:\/\/staging.ivg.it\/ediapi\/wp\/v2\/media?parent=226506"}],"wp:term":[{"taxonomy":"category","embeddable":true,"href":"https:\/\/staging.ivg.it\/ediapi\/wp\/v2\/categories?post=226506"},{"taxonomy":"post_tag","embeddable":true,"href":"https:\/\/staging.ivg.it\/ediapi\/wp\/v2\/tags?post=226506"}],"curies":[{"name":"wp","href":"https:\/\/api.w.org\/{rel}","templated":true}]}}