{"id":226366,"date":"2012-09-28T09:33:35","date_gmt":"2012-09-28T07:33:35","guid":{"rendered":"http:\/\/www.ivg.it\/?p=226366"},"modified":"2012-09-28T09:33:35","modified_gmt":"2012-09-28T07:33:35","slug":"toirano-concorso-di-pittura-estemporanea-passeggiandu-pe-tuiran","status":"publish","type":"post","link":"https:\/\/staging.ivg.it\/2012\/09\/toirano-concorso-di-pittura-estemporanea-passeggiandu-pe-tuiran\/","title":{"rendered":"Toirano: concorso di pittura estemporanea &#8220;Passeggiandu pe Tuiran&#8221;"},"content":{"rendered":"<p><strong>Toirano<\/strong>. Appuntamento sabato 29 settembre con la quinta edizione del concorso di pittura estemporanea &#8220;Passeggiandu pe Tuiran&#8221;.La manifestazione \u00e8 organizzata dall&#8217;associazione artistica &#8220;Lo Schizzo&#8221;, con il patrocinio del Comune di Toirano.<\/p>\n<p>Dalle 8,30 alle 10 ci sar\u00e0 la registrazione del supporto o della tela, presso la sede de Lo Schizzo in via Polla 10, nel centro storico, in seguito gli artisti dovranno eseguire in loco le opere e consegnarle alle 17, sempre presso Lo Schizzo.<\/p>\n<p>Il concorso prevede la possibilit\u00e0 di partecipazione per artisti italiani e stranieri, con qualunque tipo di tecnica, purch\u00e9 su supporto rigido.<\/p>\n<p>Il presidente de Lo Schizzo, Cetty Bellomo, ha gi\u00e0 garantito l&#8217;internazionalit\u00e0 del concorso con l&#8217;accredito di artista del Comune di Pommiers, gemellato con Toirano. I contatti tra lo schizzo e le associazioni artistiche e culturali di Pommiers sono gi\u00e0 stati molto frequenti e iniziano a dare degli scambi significativi anche grazie all&#8217;attivit\u00e0 del Comitato per i gemellaggi toiranese, nel quale Lo Schizzo \u00e8 membro attivo.<\/p>\n","protected":false},"excerpt":{"rendered":"<p>Toirano. Appuntamento sabato 29 settembre con la quinta edizione del concorso di pittura estemporanea &#8220;Passeggiandu pe Tuiran&#8221;.La manifestazione \u00e8 organizzata dall&#8217;associazione artistica &#8220;Lo Schizzo&#8221;, con il patrocinio del Comune di Toirano. Dalle 8,30 alle 10 ci sar\u00e0 la registrazione del supporto o della tela, presso la sede de Lo Schizzo in via Polla 10, nel [&hellip;]<\/p>\n","protected":false},"author":13744,"featured_media":0,"comment_status":"open","ping_status":"closed","sticky":false,"template":"","format":"standard","meta":{"footnotes":""},"categories":[],"tags":[862,857,3520,85952],"class_list":["post-226366","post","type-post","status-publish","format-standard","hentry","tag-concorso","tag-mostre-pittura","tag-silvano-tabo","tag-toirano","post_cat_citta-toirano"],"amp_validity":null,"amp_enabled":true,"_links":{"self":[{"href":"https:\/\/staging.ivg.it\/ediapi\/wp\/v2\/posts\/226366","targetHints":{"allow":["GET"]}}],"collection":[{"href":"https:\/\/staging.ivg.it\/ediapi\/wp\/v2\/posts"}],"about":[{"href":"https:\/\/staging.ivg.it\/ediapi\/wp\/v2\/types\/post"}],"author":[{"embeddable":true,"href":"https:\/\/staging.ivg.it\/ediapi\/wp\/v2\/users\/13744"}],"replies":[{"embeddable":true,"href":"https:\/\/staging.ivg.it\/ediapi\/wp\/v2\/comments?post=226366"}],"version-history":[{"count":0,"href":"https:\/\/staging.ivg.it\/ediapi\/wp\/v2\/posts\/226366\/revisions"}],"wp:attachment":[{"href":"https:\/\/staging.ivg.it\/ediapi\/wp\/v2\/media?parent=226366"}],"wp:term":[{"taxonomy":"category","embeddable":true,"href":"https:\/\/staging.ivg.it\/ediapi\/wp\/v2\/categories?post=226366"},{"taxonomy":"post_tag","embeddable":true,"href":"https:\/\/staging.ivg.it\/ediapi\/wp\/v2\/tags?post=226366"}],"curies":[{"name":"wp","href":"https:\/\/api.w.org\/{rel}","templated":true}]}}