{"id":225794,"date":"2012-09-22T12:49:44","date_gmt":"2012-09-22T10:49:44","guid":{"rendered":"http:\/\/www.ivg.it\/?p=225794"},"modified":"2012-09-22T12:49:44","modified_gmt":"2012-09-22T10:49:44","slug":"savona-e-scomparso-il-dottor-bruno-barbero-noto-medico-di-famiglia-e-stimato-esperto-darte","status":"publish","type":"post","link":"https:\/\/staging.ivg.it\/2012\/09\/savona-e-scomparso-il-dottor-bruno-barbero-noto-medico-di-famiglia-e-stimato-esperto-darte\/","title":{"rendered":"Savona, \u00e8 scomparso il dottor Bruno Barbero: noto medico di famiglia e stimato esperto d&#8217;arte"},"content":{"rendered":"<p><strong>Savona<\/strong>. Lutto a Savona per la scomparsa di Bruno Barbero, medico di famiglia molto conosciuto in citt\u00e0 ed esperto d&#8217;arte. Il professionista, che aveva 63 anni ed era vedovo, \u00e8 mancato all&#8217;improvviso, ieri mattina, nella sua casa di via don Minzoni. Il dottor Barbero \u00e8 stato ritrovato senza vita nel suo appartamento e, probabilmente, a stroncarlo \u00e8 stato un malore improvviso.<\/p>\n<p>Barbero era amatissimo dai suoi pazienti, ma era anche stimato come esperto di arte, la sua seconda grande passione. Aveva curato nel 1969\/70 la pubblicazione dei nuovi Atti della Societ\u00e0 Savonese di Storia Patria insieme a Carlo Varaldo ed aveva collaborato anche con la Pinacoteca Civica. L&#8217;ultimo saluto a Bruno Barbero sar\u00e0 dato luned\u00ec mattina alle 10 nella chiesa parrocchiale di San Giuseppe in piazza Martiri della libert\u00e0.<\/p>\n","protected":false},"excerpt":{"rendered":"<p>Savona. Lutto a Savona per la scomparsa di Bruno Barbero, medico di famiglia molto conosciuto in citt\u00e0 ed esperto d&#8217;arte. Il professionista, che aveva 63 anni ed era vedovo, \u00e8 mancato all&#8217;improvviso, ieri mattina, nella sua casa di via don Minzoni. Il dottor Barbero \u00e8 stato ritrovato senza vita nel suo appartamento e, probabilmente, a [&hellip;]<\/p>\n","protected":false},"author":2394,"featured_media":0,"comment_status":"open","ping_status":"closed","sticky":false,"template":"","format":"standard","meta":{"footnotes":""},"categories":[34],"tags":[1220,85850],"class_list":["post-225794","post","type-post","status-publish","format-standard","hentry","category-cronaca","tag-lutto","tag-savona","post_cat_citta-savona"],"amp_validity":null,"amp_enabled":true,"_links":{"self":[{"href":"https:\/\/staging.ivg.it\/ediapi\/wp\/v2\/posts\/225794","targetHints":{"allow":["GET"]}}],"collection":[{"href":"https:\/\/staging.ivg.it\/ediapi\/wp\/v2\/posts"}],"about":[{"href":"https:\/\/staging.ivg.it\/ediapi\/wp\/v2\/types\/post"}],"author":[{"embeddable":true,"href":"https:\/\/staging.ivg.it\/ediapi\/wp\/v2\/users\/2394"}],"replies":[{"embeddable":true,"href":"https:\/\/staging.ivg.it\/ediapi\/wp\/v2\/comments?post=225794"}],"version-history":[{"count":0,"href":"https:\/\/staging.ivg.it\/ediapi\/wp\/v2\/posts\/225794\/revisions"}],"wp:attachment":[{"href":"https:\/\/staging.ivg.it\/ediapi\/wp\/v2\/media?parent=225794"}],"wp:term":[{"taxonomy":"category","embeddable":true,"href":"https:\/\/staging.ivg.it\/ediapi\/wp\/v2\/categories?post=225794"},{"taxonomy":"post_tag","embeddable":true,"href":"https:\/\/staging.ivg.it\/ediapi\/wp\/v2\/tags?post=225794"}],"curies":[{"name":"wp","href":"https:\/\/api.w.org\/{rel}","templated":true}]}}