{"id":225792,"date":"2012-09-22T12:21:49","date_gmt":"2012-09-22T10:21:49","guid":{"rendered":"http:\/\/www.ivg.it\/?p=225792"},"modified":"2012-09-23T17:36:16","modified_gmt":"2012-09-23T15:36:16","slug":"occupata-la-direzione-dellospedale-di-cairo-e-si-mobilitano-per-incontrare-il-ministro-difendiamo-i-diritti-dei-cittadini","status":"publish","type":"post","link":"https:\/\/staging.ivg.it\/2012\/09\/occupata-la-direzione-dellospedale-di-cairo-e-si-mobilitano-per-incontrare-il-ministro-difendiamo-i-diritti-dei-cittadini\/","title":{"rendered":"&#8220;Occupata&#8221; la direzione dell&#8217;ospedale di Cairo e si mobilitano per incontrare il Ministro: &#8220;Difendiamo i diritti dei cittadini&#8221;"},"content":{"rendered":"<p><strong>Cairo M.<\/strong> Hanno &#8220;occupato&#8221; gli uffici della direzione sanitaria dell&#8217;ospedale di Cairo e l\u00ec hanno improvvisato una conferenza stampa per tracciare un bilancio della mattinata che ha visto andare in scena prima il Consiglio della Valle e poi il corteo di protesta. E&#8217; stato questo l&#8217;epilogo della manifestazione in difesa dell&#8217;ospedale di Cairo, che si \u00e8 quindi simbolicamente conclusa proprio nel nosocomio cairese.<\/p>\n<p>A prendere la parola, a nome di tutti i suoi colleghi, \u00e8 stato il &#8220;padrone di casa&#8221;, ovvero il sindaco cairese Fulvio Briano: &#8220;Quello che oggi abbiamo voluto rappresentare, occupando simbolicamente la direzione sanitaria, \u00e8 una richiesta di confronto con i vertici regionali della sanit\u00e0 perch\u00e9 ci sembrava di suggellare in modo corretto la giornata di oggi&#8221;.<\/p>\n<p>&#8220;L&#8217;abbiamo aperta con un consiglio comunale in cui 150 consiglieri e tutti i sindaci del territorio hanno detto chiaramente cosa pensano di questa manovra di tagli della sanit\u00e0 e di quello che sta accadendo nel nostro ospedale. Lo abbiamo fatto all&#8217;interno della manifestazione per stare vicini alla nostra gente, ma lo vogliamo fare anche qui per stare vicino agli operatori sanitari di questo ospedale, che secondo me in questo momento stanno in un certo modo subendo passivamente una situazione inaccettabile&#8221; ha proseguito Briano.<\/p>\n<p>&#8220;Negli ultimi cinque anni questo territorio ha saputo assumere decisioni di grande responsabilit\u00e0, i valbormidesi sono persone di dialogo e lo abbiamo sempre espresso anche noi amministratori cercando sempre un confronto con le isituzioni e con l&#8217;Asl per cercare di arrivare ad una medicina che fosse davvero moderna. Questo \u00e8 l&#8217;ospedale pi\u00f9 piccolo della provincia di Savona, ma proprio per questo ha sempre avuto una peculiarit\u00e0 molto particolare rispetto agli altri nosocomi della Regione. E&#8217; l&#8217;unico ospedale dell&#8217;entroterra che \u00e8 rimasto aperto negli anni ed un motivo c&#8217;\u00e8: la Valbormida \u00e8 davvero l&#8217;unica area di entroterra della Regione. Non si pu\u00f2 lasciare senza un presidio ospedaliero moderno ed efficiente il territorio&#8221; aggiunge il sindaco di Cairo.<\/p>\n<p>&#8220;Se prima vogliamo operare dei tagli di questo tipo &#8211; osserva il sindaco di Cairo -, prima dobbiamo discutere di quella che \u00e8 la viabilit\u00e0 di questo territorio, delle infrastrutture, di quelli che sono gli investimenti che si devono andare a fare sulla medicina e sulla domiciliarit\u00e0. Noi abbiamo un servizio territoriale inadeguato, oggi veniamo a sapere che oltre alla soppressione della medicina generale di Cairo, al declassamento del pronto soccorso, non si fa nulla per la viabilit\u00e0 provinciale. I dipendenti dell&#8217;ospedale probabilmente andranno verso una mobilit\u00e0 esterna. Noi non siamo qui per difender una bandierina, ma per difendere dei servizi essenziali per i nostri cittadini&#8221;<\/p>\n<p>&#8220;Questo \u00e8 il messaggio che noi lanciamo verso qui pu\u00f2 ancora incidere su questa manovra perch\u00e9 noi vogliamo continuare a dialogare. Non cerchiamo lo scontro ad ogni costo, ma siamo pronti ad arrivarci se sar\u00e0 necessario. Comunque prosegue la nostra intenzione di ricorrere al Tar contro questa manovra e continua quella di opporci anche in ogni sede politica a tutti questi tipi di tagli&#8221; conclude Briano.<\/p>\n<p>Al termine della conferenza i sindaci della Valbormida hanno anche comunicato che si stanno attivando per poter incontrare il Ministro della Salute Renato Balduzzi e sottoporgli il problema dell&#8217;ospedale San Giuseppe. Il rappresentante del Governo infatti il 14 ottobre sar\u00e0 in visita ad Acqui ed il sindaco Briano ha gi\u00e0 chiesto al Vescovo, se possibile, di organizzare un incontro tra il Ministro ed una delegazione di amministratori valbormidesi.<\/p>\n","protected":false},"excerpt":{"rendered":"<p>Cairo M. Hanno &#8220;occupato&#8221; gli uffici della direzione sanitaria dell&#8217;ospedale di Cairo e l\u00ec hanno improvvisato una conferenza stampa per tracciare un bilancio della mattinata che ha visto andare in scena prima il Consiglio della Valle e poi il corteo di protesta. E&#8217; stato questo l&#8217;epilogo della manifestazione in difesa dell&#8217;ospedale di Cairo, che si [&hellip;]<\/p>\n","protected":false},"author":13744,"featured_media":0,"comment_status":"open","ping_status":"closed","sticky":false,"template":"","format":"standard","meta":{"footnotes":""},"categories":[34,31],"tags":[151,669,872,4607,820],"class_list":["post-225792","post","type-post","status-publish","format-standard","hentry","category-cronaca","category-politica","tag-cairo","tag-manifestazione","tag-ospedale","tag-sindaci","tag-valbormida","post_cat_citta-cairo-montenotte"],"amp_validity":null,"amp_enabled":true,"_links":{"self":[{"href":"https:\/\/staging.ivg.it\/ediapi\/wp\/v2\/posts\/225792","targetHints":{"allow":["GET"]}}],"collection":[{"href":"https:\/\/staging.ivg.it\/ediapi\/wp\/v2\/posts"}],"about":[{"href":"https:\/\/staging.ivg.it\/ediapi\/wp\/v2\/types\/post"}],"author":[{"embeddable":true,"href":"https:\/\/staging.ivg.it\/ediapi\/wp\/v2\/users\/13744"}],"replies":[{"embeddable":true,"href":"https:\/\/staging.ivg.it\/ediapi\/wp\/v2\/comments?post=225792"}],"version-history":[{"count":0,"href":"https:\/\/staging.ivg.it\/ediapi\/wp\/v2\/posts\/225792\/revisions"}],"wp:attachment":[{"href":"https:\/\/staging.ivg.it\/ediapi\/wp\/v2\/media?parent=225792"}],"wp:term":[{"taxonomy":"category","embeddable":true,"href":"https:\/\/staging.ivg.it\/ediapi\/wp\/v2\/categories?post=225792"},{"taxonomy":"post_tag","embeddable":true,"href":"https:\/\/staging.ivg.it\/ediapi\/wp\/v2\/tags?post=225792"}],"curies":[{"name":"wp","href":"https:\/\/api.w.org\/{rel}","templated":true}]}}