{"id":225736,"date":"2012-09-21T15:12:52","date_gmt":"2012-09-21T13:12:52","guid":{"rendered":"http:\/\/www.ivg.it\/?p=225736"},"modified":"2012-09-21T19:26:33","modified_gmt":"2012-09-21T17:26:33","slug":"pallavolo-il-progetto-blues-entra-a-pieno-regime-lalbisola-di-serie-c-ha-svolto-il-suo-primo-test","status":"publish","type":"post","link":"https:\/\/staging.ivg.it\/2012\/09\/pallavolo-il-progetto-blues-entra-a-pieno-regime-lalbisola-di-serie-c-ha-svolto-il-suo-primo-test\/","title":{"rendered":"Pallavolo, il &#8220;Progetto Blues&#8221; entra a pieno regime: l&#8217;Albisola di Serie C ha svolto il suo primo test"},"content":{"rendered":"<p><strong>Albisola Superiore<\/strong>. Il &#8220;Progetto Blues&#8221; \u00e8 sempre pi\u00f9 nel vivo. I giovani impegnati nel progetto che vede insieme Pallavolo Genova e Albisola Pallavolo stanno lavorando molto in palestra in queste settimane.<\/p>\n<p>Sotto la guida di Elvio Ferrari e Andrea Peluffo cominciano a prendere forma i gruppi che parteciperanno ai campionati provinciali attraverso una serie di allenamenti sia tecnici che fisici che porteranno presto alla definizione degli organici.<\/p>\n<p>Nello scorso week-end c&#8217;\u00e8 stata la prima uscita per la Serie C di Albisola e per l&#8217;Under 19 del &#8220;Progetto Blues&#8221;. In occasione del &#8220;Memorial Lantero&#8221;, che si \u00e8 tenuto domenica ed \u00e8 stato vinto dai padroni di casa di Ovada, sono stati convocati sia i ragazzi della Serie C di Albisola, sia i giovani dell&#8217;Under 19.<\/p>\n<p>I giovani di Ferrari e Peluffo hanno potuto effettuare un primo test con Ovada e Cus Genova, due formazioni che avranno da dire la loro nel campionato di Serie C.<\/p>\n<p>La Serie C di Albisola ha giocato contro Ovada perdendo 3 a 0, &#8220;ma i set sono stati vinti con il minimo scarto &#8211; commenta mister Ferrari &#8211; e questo \u00e8 incoraggiante, cos\u00ec come altri aspetti nella preparazione degli atleti che ci fanno ben sperare&#8221;.<\/p>\n<p>Positiva la prestazione anche dell&#8217;Under 19, scesa in campo nella seconda partita contro il Cus Genova. &#8220;Pur perdendo 2 a 1 i ragazzi hanno messo in mostra una bella pallavolo e fatto intuire grossi margini di crescita&#8221; spiega mister Andrea Peluffo.<\/p>\n<p>Nel prossimo fine settimana toccher\u00e0 all&#8217;Under 17, impegnata sabato 22 e domenica 23 a Loano per il 5\u00b0 &#8220;Torneo della Riviera delle Palme&#8221;, importante occasione per il nuovo gruppo di Andrea Peluffo, composto dai talenti di Albisola e Genova, per mettersi alla prova e consolidare alcuni meccanismi di gioco.<\/p>\n<p>&#8220;Il lavoro sino a oggi si \u00e8 svolto nelle migliori condizioni &#8211; dice mister Ferrari &#8211; devo constatare che i ragazzi hanno risposto nel migliore dei modi dando il massimo a ogni allenamento. Il clima che respiriamo in palestra \u00e8 quello della fatica e dell&#8217;impegno, un clima ottimo che lascia intendere la voglia di tutti a iniziare questa nuova avventura insieme&#8221;.<\/p>\n<p>Dopo tre anni d&#8217;esperienza con il Progetto Blues, mister Ferrari si sbilancia. &#8220;Credo come non mai &#8211; afferma &#8211; che questa stagione possa dare dei risultati positivi, non solo sportivi ma anche di crescita a tutto il movimento pallavolistico di Genova e Savona&#8221;.<\/p>\n<p>Mentre si avvicina l\u2019appuntamento di sabato, che vedr\u00e0 la prima squadra impegnata in amichevole con il Cus Pisa (ore 17 al PalaFigoi di Borzoli), prosegue anche a Genova la preparazione dei gruppi giovanili e della Serie C.<\/p>\n<p>\u201cSi avvicina anche per noi il primo test in amichevole \u2013 afferma mister Nando Mancini \u2013. Sar\u00e0 un banco di prova importante per verificare la preparazione\u201d.<\/p>\n<p>\u201cVediamo come se la cava questa squadra, mix di giocatori d\u2019esperienza e giovani interessanti \u2013 racconta Paolo Corrado, classe 1987, uno degli \u201cadulti\u201d della squadra \u2013. Per ora tanto sudore e fatica ma da qualche allenamento abbiamo ripreso a usare la palla e devo dire che qualche cosa buona si \u00e8 gi\u00e0 vista\u201d.<\/p>\n<p>Questa settimana \u00e8 tornata in palestra la squadra di Under 15 che disputer\u00e0 anche il campionato Under 17. La prossima settimana partir\u00e0 l\u2019Under 13 e con i primi di ottobre i corsi di Minivolley.<\/p>\n","protected":false},"excerpt":{"rendered":"<p>Albisola Superiore. Il &#8220;Progetto Blues&#8221; \u00e8 sempre pi\u00f9 nel vivo. I giovani impegnati nel progetto che vede insieme Pallavolo Genova e Albisola Pallavolo stanno lavorando molto in palestra in queste settimane. Sotto la guida di Elvio Ferrari e Andrea Peluffo cominciano a prendere forma i gruppi che parteciperanno ai campionati provinciali attraverso una serie di [&hellip;]<\/p>\n","protected":false},"author":13744,"featured_media":0,"comment_status":"open","ping_status":"closed","sticky":false,"template":"","format":"standard","meta":{"footnotes":""},"categories":[32],"tags":[2099,86016,34852,85997,34851],"class_list":["post-225736","post","type-post","status-publish","format-standard","hentry","category-sport","tag-albisola-pallavolo","tag-albisola-superiore","tag-elvio-ferrari","tag-pallavolo","tag-progetto-blues","post_cat_citta-albisola-superiore"],"amp_validity":null,"amp_enabled":true,"_links":{"self":[{"href":"https:\/\/staging.ivg.it\/ediapi\/wp\/v2\/posts\/225736","targetHints":{"allow":["GET"]}}],"collection":[{"href":"https:\/\/staging.ivg.it\/ediapi\/wp\/v2\/posts"}],"about":[{"href":"https:\/\/staging.ivg.it\/ediapi\/wp\/v2\/types\/post"}],"author":[{"embeddable":true,"href":"https:\/\/staging.ivg.it\/ediapi\/wp\/v2\/users\/13744"}],"replies":[{"embeddable":true,"href":"https:\/\/staging.ivg.it\/ediapi\/wp\/v2\/comments?post=225736"}],"version-history":[{"count":0,"href":"https:\/\/staging.ivg.it\/ediapi\/wp\/v2\/posts\/225736\/revisions"}],"wp:attachment":[{"href":"https:\/\/staging.ivg.it\/ediapi\/wp\/v2\/media?parent=225736"}],"wp:term":[{"taxonomy":"category","embeddable":true,"href":"https:\/\/staging.ivg.it\/ediapi\/wp\/v2\/categories?post=225736"},{"taxonomy":"post_tag","embeddable":true,"href":"https:\/\/staging.ivg.it\/ediapi\/wp\/v2\/tags?post=225736"}],"curies":[{"name":"wp","href":"https:\/\/api.w.org\/{rel}","templated":true}]}}