{"id":225364,"date":"2012-09-18T14:25:30","date_gmt":"2012-09-18T12:25:30","guid":{"rendered":"http:\/\/www.ivg.it\/?p=225364"},"modified":"2012-09-19T09:47:41","modified_gmt":"2012-09-19T07:47:41","slug":"bardineto-ricerche-in-corso-per-un-anziano-fungaiolo-disperso","status":"publish","type":"post","link":"https:\/\/staging.ivg.it\/2012\/09\/bardineto-ricerche-in-corso-per-un-anziano-fungaiolo-disperso\/","title":{"rendered":"Bardineto, anziano fungaiolo disperso: ritrovato, sta bene"},"content":{"rendered":"<p><strong>Bardineto<\/strong>. <em>Agg. h 15<\/em> &#8211; E&#8217; stato ritrovato incolume dagli operatori del Soccorso Alpino di Finale Ligure, e grazie alla conoscenza del territorio del comandante della Forestale di Calizzano, l&#8217;anziano fungaiolo disperso nella zona di Bardineto. E&#8217; un ex carabiniere in pensione. Sta bene.<\/p>\n<p>Operazioni di ricerche in corso per un fungaiolo disperso a Bardineto. Si tratta di uomo di oltre settant&#8217;anni che non \u00e8 pi\u00f9 rintracciabile da ore, probabilmente non esperto del posto. Personale del Soccorso Alpino e dei vigili del fuoco \u00e8 impegnato nel tentativo di individuarne i movimenti per rintracciarlo. <\/p>\n<p>L&#8217;uomo \u00e8 stato visto nei pressi dell&#8217;agriturismo Fratelli Oddone, poi \u00e8 sparito, presumibilmente nel versante verso Castelvecchio. Anche in considerazione dell&#8217;et\u00e0, si pensa che non si sia inoltrato troppo nel territorio, ma abbia facilmente smarrito l&#8217;orientamento. <\/p>\n","protected":false},"excerpt":{"rendered":"<p>Bardineto. Agg. h 15 &#8211; E&#8217; stato ritrovato incolume dagli operatori del Soccorso Alpino di Finale Ligure, e grazie alla conoscenza del territorio del comandante della Forestale di Calizzano, l&#8217;anziano fungaiolo disperso nella zona di Bardineto. E&#8217; un ex carabiniere in pensione. Sta bene. Operazioni di ricerche in corso per un fungaiolo disperso a Bardineto. [&hellip;]<\/p>\n","protected":false},"author":13744,"featured_media":0,"comment_status":"open","ping_status":"closed","sticky":false,"template":"","format":"standard","meta":{"footnotes":""},"categories":[34],"tags":[85878,3679,5284],"class_list":["post-225364","post","type-post","status-publish","format-standard","hentry","category-cronaca","tag-bardineto","tag-disperso","tag-fungaiolo","post_cat_citta-bardineto"],"amp_validity":null,"amp_enabled":true,"_links":{"self":[{"href":"https:\/\/staging.ivg.it\/ediapi\/wp\/v2\/posts\/225364","targetHints":{"allow":["GET"]}}],"collection":[{"href":"https:\/\/staging.ivg.it\/ediapi\/wp\/v2\/posts"}],"about":[{"href":"https:\/\/staging.ivg.it\/ediapi\/wp\/v2\/types\/post"}],"author":[{"embeddable":true,"href":"https:\/\/staging.ivg.it\/ediapi\/wp\/v2\/users\/13744"}],"replies":[{"embeddable":true,"href":"https:\/\/staging.ivg.it\/ediapi\/wp\/v2\/comments?post=225364"}],"version-history":[{"count":0,"href":"https:\/\/staging.ivg.it\/ediapi\/wp\/v2\/posts\/225364\/revisions"}],"wp:attachment":[{"href":"https:\/\/staging.ivg.it\/ediapi\/wp\/v2\/media?parent=225364"}],"wp:term":[{"taxonomy":"category","embeddable":true,"href":"https:\/\/staging.ivg.it\/ediapi\/wp\/v2\/categories?post=225364"},{"taxonomy":"post_tag","embeddable":true,"href":"https:\/\/staging.ivg.it\/ediapi\/wp\/v2\/tags?post=225364"}],"curies":[{"name":"wp","href":"https:\/\/api.w.org\/{rel}","templated":true}]}}