{"id":225361,"date":"2012-09-18T14:10:47","date_gmt":"2012-09-18T12:10:47","guid":{"rendered":"http:\/\/www.ivg.it\/?p=225361"},"modified":"2012-09-19T12:00:45","modified_gmt":"2012-09-19T10:00:45","slug":"serafino-fameli-inchiesta-carioca-loano","status":"publish","type":"post","link":"https:\/\/staging.ivg.it\/2012\/09\/serafino-fameli-inchiesta-carioca-loano\/","title":{"rendered":"Operazione Carioca: torna in libert\u00e0 anche Fameli junior"},"content":{"rendered":"<p><strong>Loano<\/strong>. Torna in libert\u00e0 anche Serafino Fameli, dopo il rilascio del padre Antonio, avvenuto qualche giorno fa, per decorrenza dei termini. Il figlio del faccendiere \u00e8 stato scarcerato oggi su provvedimento del gip Donatella Aschero, che ha accolto l&#8217;istanza dei legali difensori, avallata dal pm Danilo Ceccarelli che ha vagliato l&#8217;assenza di condizioni per la custodia cautelare. <\/p>\n<p>Da tempo Serafino Fameli si era trasferito in Brasile da dove seguiva gli affari di famiglia, ma con il turbinio dell&#8217;operazione &#8220;Carioca&#8221; aveva deciso di consegnarsi spontaneamente agli investigatori. Il padre Antonio, perno dell&#8217;indagine, \u00e8 gi\u00e0 tornato nella sua villa con l&#8217;unico divieto di espatriare. <\/p>\n<p>L&#8217;anziano imprenditore, accusato di riciclaggio, trasferimento fraudolento di valori, reati tributari, attivit\u00e0 abusiva di intermediazione finanziaria e falso in atti notarili, \u00e8 tornato in libert\u00e0 per decorrenza dei termini di carcerazione preventiva. Era infatti scaduto il termine di sei mesi previsto per la sua detenzione. Il figlio Serafino, invece, riacquista la libert\u00e0 per assenza di esigenze che giustifichino la carcerazione. <\/p>\n<p>L&#8217;operazione &#8220;Carioca&#8221; aveva portato in carcere, oltre ad Antonio Fameli, la sua convivente Clara Juana Magino Socualaya e l&#8217;ex commercialista Carlo Ciccione. <\/p>\n","protected":false},"excerpt":{"rendered":"<p>Loano. Torna in libert\u00e0 anche Serafino Fameli, dopo il rilascio del padre Antonio, avvenuto qualche giorno fa, per decorrenza dei termini. Il figlio del faccendiere \u00e8 stato scarcerato oggi su provvedimento del gip Donatella Aschero, che ha accolto l&#8217;istanza dei legali difensori, avallata dal pm Danilo Ceccarelli che ha vagliato l&#8217;assenza di condizioni per la [&hellip;]<\/p>\n","protected":false},"author":13744,"featured_media":0,"comment_status":"open","ping_status":"closed","sticky":false,"template":"","format":"standard","meta":{"footnotes":""},"categories":[34],"tags":[39247,39114,85827,2955,85850,41062],"class_list":["post-225361","post","type-post","status-publish","format-standard","hentry","category-cronaca","tag-carioca","tag-fameli","tag-loano","tag-riciclaggio","tag-savona","tag-serafino-fameli","post_cat_citta-loano"],"amp_validity":null,"amp_enabled":true,"_links":{"self":[{"href":"https:\/\/staging.ivg.it\/ediapi\/wp\/v2\/posts\/225361","targetHints":{"allow":["GET"]}}],"collection":[{"href":"https:\/\/staging.ivg.it\/ediapi\/wp\/v2\/posts"}],"about":[{"href":"https:\/\/staging.ivg.it\/ediapi\/wp\/v2\/types\/post"}],"author":[{"embeddable":true,"href":"https:\/\/staging.ivg.it\/ediapi\/wp\/v2\/users\/13744"}],"replies":[{"embeddable":true,"href":"https:\/\/staging.ivg.it\/ediapi\/wp\/v2\/comments?post=225361"}],"version-history":[{"count":0,"href":"https:\/\/staging.ivg.it\/ediapi\/wp\/v2\/posts\/225361\/revisions"}],"wp:attachment":[{"href":"https:\/\/staging.ivg.it\/ediapi\/wp\/v2\/media?parent=225361"}],"wp:term":[{"taxonomy":"category","embeddable":true,"href":"https:\/\/staging.ivg.it\/ediapi\/wp\/v2\/categories?post=225361"},{"taxonomy":"post_tag","embeddable":true,"href":"https:\/\/staging.ivg.it\/ediapi\/wp\/v2\/tags?post=225361"}],"curies":[{"name":"wp","href":"https:\/\/api.w.org\/{rel}","templated":true}]}}