{"id":225358,"date":"2012-09-18T13:51:14","date_gmt":"2012-09-18T11:51:14","guid":{"rendered":"http:\/\/www.ivg.it\/?p=225358"},"modified":"2012-09-18T18:25:27","modified_gmt":"2012-09-18T16:25:27","slug":"aia-a-tirreno-power-burlando-occasione-di-lavoro-e-know-how-anche-per-lindotto","status":"publish","type":"post","link":"https:\/\/staging.ivg.it\/2012\/09\/aia-a-tirreno-power-burlando-occasione-di-lavoro-e-know-how-anche-per-lindotto\/","title":{"rendered":"AIA a Tirreno Power, Burlando: &#8220;Si parte, occasione di lavoro e know-how anche per l&#8217;indotto&#8221;"},"content":{"rendered":"<p><strong>Vado Ligure<\/strong>. &#8220;Si parte con un&#8217;operazione che ora ha tutte le autorizzazioni&#8221;. Cos\u00ec il governatore regionale Claudio Burlando sul rilascio dell&#8217;AIA ai due gruppi della centrale Tirreno Power, ultima condizione per l&#8217;avvio del progetto di ristrutturazione e ampliamento degli impianti a carbone.<\/p>\n<p>&#8220;Ora l&#8217;azione passa all&#8217;azienda. Sappiamo quanto si sia trattato di una situazione controversa. Siamo arrivati alla convinzione che, senza questa procedura, avrebbero continuato a stare in attivit\u00e0 gruppi vecchissimi. Cos\u00ec invece si parte con la copertura dei parchi carbone, con un primo gruppo e con il controllo di Arpal sulle emissioni nei limiti previsti&#8221; osserva Burlando.<\/p>\n<p>La conferenza dei servizi di ieri, a Roma, ha dato disco verde all&#8217;autorizzazione integrata ambientale transitoria per la centrale. Il via libera consentir\u00e0 di avere pi\u00f9 forza nei controlli, una riduzione sensibile dell&#8217;inquinamento, la copertura dei parchi carbone entro il 2015 e l&#8217;avvio dell&#8217;Osservatorio Salute-Ambiente che potr\u00e0 dare risposte scientifiche a istituzioni e cittadini. Varato anche un programma di attivit\u00e0 di controllo con nuove centraline, misurazioni costanti della qualit\u00e0 dell&#8217;aria, campionamenti e controlli a camino, monitoraggio e analisi al microscopio a scansione elettronica dei radionuclidi prodotti dalla centrale.<\/p>\n<p>&#8220;Noi &#8211; prosegue Burlando &#8211; ci auguriamo che per aziende come Abb, Demont o Ansaldo Energia ci sia non solo lavoro per alcuni anni, ma anche quell&#8217;acquisizione di know-how e certificazioni che agevolino queste stesse aziende nei mercati internazionali&#8221;.<\/p>\n<p>Quanto alle altre opere strategiche per il comprensorio vadese, &#8220;alla piattaforma mancano solo alcuni atti amministrativi, previsti per le prossime settimane &#8211; sottolinea il presidente regionale &#8211; La condizione di Vado \u00e8 difficile. Ho chiesto a tutti di prestare ascolto al sindaco vadese. E&#8217; chiaro che fra la piattaforma e la centrale si creano condizioni molto complesse. C&#8217;\u00e8 in atto una crisi violentissima, con conseguenze occupazionali allarmanti, ma allo stesso tempo enorme potenziale di sviluppo&#8221;.<\/p>\n","protected":false},"excerpt":{"rendered":"<p>Vado Ligure. &#8220;Si parte con un&#8217;operazione che ora ha tutte le autorizzazioni&#8221;. Cos\u00ec il governatore regionale Claudio Burlando sul rilascio dell&#8217;AIA ai due gruppi della centrale Tirreno Power, ultima condizione per l&#8217;avvio del progetto di ristrutturazione e ampliamento degli impianti a carbone. &#8220;Ora l&#8217;azione passa all&#8217;azienda. Sappiamo quanto si sia trattato di una situazione controversa. [&hellip;]<\/p>\n","protected":false},"author":13744,"featured_media":0,"comment_status":"open","ping_status":"closed","sticky":false,"template":"","format":"standard","meta":{"footnotes":""},"categories":[35,31],"tags":[284,1817,295,3931,261],"class_list":["post-225358","post","type-post","status-publish","format-standard","hentry","category-economia","category-politica","tag-claudio-burlando","tag-industria","tag-regione","tag-tirreno-power","tag-vado","post_cat_citta-quiliano","post_cat_citta-vado-ligure"],"amp_validity":null,"amp_enabled":true,"_links":{"self":[{"href":"https:\/\/staging.ivg.it\/ediapi\/wp\/v2\/posts\/225358","targetHints":{"allow":["GET"]}}],"collection":[{"href":"https:\/\/staging.ivg.it\/ediapi\/wp\/v2\/posts"}],"about":[{"href":"https:\/\/staging.ivg.it\/ediapi\/wp\/v2\/types\/post"}],"author":[{"embeddable":true,"href":"https:\/\/staging.ivg.it\/ediapi\/wp\/v2\/users\/13744"}],"replies":[{"embeddable":true,"href":"https:\/\/staging.ivg.it\/ediapi\/wp\/v2\/comments?post=225358"}],"version-history":[{"count":0,"href":"https:\/\/staging.ivg.it\/ediapi\/wp\/v2\/posts\/225358\/revisions"}],"wp:attachment":[{"href":"https:\/\/staging.ivg.it\/ediapi\/wp\/v2\/media?parent=225358"}],"wp:term":[{"taxonomy":"category","embeddable":true,"href":"https:\/\/staging.ivg.it\/ediapi\/wp\/v2\/categories?post=225358"},{"taxonomy":"post_tag","embeddable":true,"href":"https:\/\/staging.ivg.it\/ediapi\/wp\/v2\/tags?post=225358"}],"curies":[{"name":"wp","href":"https:\/\/api.w.org\/{rel}","templated":true}]}}