{"id":225078,"date":"2012-09-14T17:49:39","date_gmt":"2012-09-14T15:49:39","guid":{"rendered":"http:\/\/www.ivg.it\/?p=225078"},"modified":"2012-09-15T13:20:32","modified_gmt":"2012-09-15T11:20:32","slug":"ferrania-burlando-per-ora-possiamo-mettere-in-campo-processi-di-formazione","status":"publish","type":"post","link":"https:\/\/staging.ivg.it\/2012\/09\/ferrania-burlando-per-ora-possiamo-mettere-in-campo-processi-di-formazione\/","title":{"rendered":"Ferrania, Burlando: &#8220;Per ora possiamo mettere in campo processi di formazione&#8221;"},"content":{"rendered":"<p><strong>Cairo Montenotte<\/strong>. &#8220;Come Regione possiamo mettere in campo risorse per la formazione&#8221;. Lo ha detto il governatore Claudio Burlando a proposito dei lavoratori di Ferrania Technologies, in attesa dell&#8217;incontro in via Fieschi sulla procedura di mobilit\u00e0, richiesta dall&#8217;azienda ma rigettata dai sindacati. &#8220;Non c&#8217;\u00e8 un obbligo giuridico che possiamo porre per le assunzioni, ma si possono trovare soluzioni incentivanti &#8211; ha sottolineato &#8211; In Valbormida ci sono tre obiettivi da inanellare: il primo si sta concretizzando ed \u00e8 la cartiera, gli altri sono gli insediamenti di Noberasco e Toshiba che ha rilevato Ansaldo T&#038;D&#8221;. <\/p>\n<p>&#8220;La tensione nel comprensorio valbormidese \u00e8 evidente &#8211; ha aggiunto &#8211; Ma quello che noi possiamo fare sul piano istituzionale \u00e8 mettere in atto processi formativi. Inoltre, se per qualcuno si apre un processo di trasferimento, \u00e8 bene usare la mobilit\u00e0 perch\u00e9 ha il suo vantaggio. Ricordiamo che pur con il prolungamento della cassa poi scatterebbe in ogni caso la mobilit\u00e0. E&#8217; una situazione che va regolamentata&#8221;. <\/p>\n<p>Il nodo delle trattative sulla mobilit\u00e0 per i 198 dipendenti si scioglier\u00e0 in sede regionale. Per ora c&#8217;\u00e8 sempre l&#8217;ipotesi di un altro anno di cassa integrazione in deroga, comunque, sul quale l&#8217;amministrazione regionale (come ha evidenziato l&#8217;assessore Vesco) mostra apertura. <\/p>\n","protected":false},"excerpt":{"rendered":"<p>Cairo Montenotte. &#8220;Come Regione possiamo mettere in campo risorse per la formazione&#8221;. Lo ha detto il governatore Claudio Burlando a proposito dei lavoratori di Ferrania Technologies, in attesa dell&#8217;incontro in via Fieschi sulla procedura di mobilit\u00e0, richiesta dall&#8217;azienda ma rigettata dai sindacati. &#8220;Non c&#8217;\u00e8 un obbligo giuridico che possiamo porre per le assunzioni, ma si [&hellip;]<\/p>\n","protected":false},"author":13744,"featured_media":0,"comment_status":"open","ping_status":"closed","sticky":false,"template":"","format":"standard","meta":{"footnotes":""},"categories":[35,31],"tags":[284,85992,1817,482],"class_list":["post-225078","post","type-post","status-publish","format-standard","hentry","category-economia","category-politica","tag-claudio-burlando","tag-ferrania","tag-industria","tag-mobilita","post_cat_citta-cairo-montenotte"],"amp_validity":null,"amp_enabled":true,"_links":{"self":[{"href":"https:\/\/staging.ivg.it\/ediapi\/wp\/v2\/posts\/225078","targetHints":{"allow":["GET"]}}],"collection":[{"href":"https:\/\/staging.ivg.it\/ediapi\/wp\/v2\/posts"}],"about":[{"href":"https:\/\/staging.ivg.it\/ediapi\/wp\/v2\/types\/post"}],"author":[{"embeddable":true,"href":"https:\/\/staging.ivg.it\/ediapi\/wp\/v2\/users\/13744"}],"replies":[{"embeddable":true,"href":"https:\/\/staging.ivg.it\/ediapi\/wp\/v2\/comments?post=225078"}],"version-history":[{"count":0,"href":"https:\/\/staging.ivg.it\/ediapi\/wp\/v2\/posts\/225078\/revisions"}],"wp:attachment":[{"href":"https:\/\/staging.ivg.it\/ediapi\/wp\/v2\/media?parent=225078"}],"wp:term":[{"taxonomy":"category","embeddable":true,"href":"https:\/\/staging.ivg.it\/ediapi\/wp\/v2\/categories?post=225078"},{"taxonomy":"post_tag","embeddable":true,"href":"https:\/\/staging.ivg.it\/ediapi\/wp\/v2\/tags?post=225078"}],"curies":[{"name":"wp","href":"https:\/\/api.w.org\/{rel}","templated":true}]}}