{"id":224973,"date":"2012-09-13T14:16:19","date_gmt":"2012-09-13T12:16:19","guid":{"rendered":"http:\/\/www.ivg.it\/?p=224973"},"modified":"2012-09-14T12:50:36","modified_gmt":"2012-09-14T10:50:36","slug":"air-show-capoformazione-slangen-albenga-imperia","status":"publish","type":"post","link":"https:\/\/staging.ivg.it\/2012\/09\/air-show-capoformazione-slangen-albenga-imperia\/","title":{"rendered":"Air Show, il capoformazione Slangen: &#8220;La Liguria ci vuole bene&#8221;. All&#8217;asta speciale annullo filatelico"},"content":{"rendered":"<p><strong>Villanova d&#8217;Albenga<\/strong>. Il capoformazione Jan Slangen, atterrato all&#8217;aeroporto &#8220;Panero&#8221; di Villanova con i colleghi del gruppo, porta il saluto della Pattuglia Acrobatica Nazionale: &#8220;E&#8217; sempre un piacere per noi essere in Liguria e concludere qui la stagione delle nostre manifestazioni. La Liguria \u00e8 una terra bellissima con gente che ci vuole bene e ci \u00e8 molto vicino&#8221;. <\/p>\n<p>&#8220;Le previsioni meteo sono buone &#8211; prosegue il maggiore &#8211; Oggi c&#8217;\u00e8 parecchio vento, ma dovrebbe attenuarsi in serata. Lo show prevede la nostra esibizione classica, con la particolarit\u00e0 di un inserimento acrobatico che non effettuiamo dal 2000. C&#8217;\u00e8 poi un altro aspetto importante: la presenza di un pilota di Albenga, che quindi si esibir\u00e0 nella sua citt\u00e0&#8221;. <\/p>\n<p>Quest&#8217;ultimo, Filippo Barbero, non nasconde l&#8217;emozione: &#8220;Sono molto contento di poter essere protagonista nella mia citt\u00e0. Incrociamo le dita sperando nel bel tempo, ma le previsioni sono incoraggianti. Non vedo l&#8217;ora che sia domenica&#8221;. A dieci anni esatti dal grande Air Show del 2002, Barbero ricorda la scorsa manifestazione: &#8220;Ero qui nell&#8217;Aero Club con tutti gli appassionati per dare una mano nell&#8217;organizzazione. Non avrei mai immaginato oggi di essere qui in questa veste, \u00e8 una bella sorpresa&#8221;. <\/p>\n<p>L&#8217;Aero Club di Savona e della Riviera Ligure e le amministrazioni comunali di Albenga e Imperia offriranno una occasione unica per gli amanti del volo: divertimento e grande spettacolo assicurato con esibizioni di velivoli acrobatici, velivoli storici, pattuglie civili, elicotteri. Le attese evoluzioni della Pattuglia Acrobatica Nazionale &#8220;Frecce Tricolori&#8221; dimostreranno l&#8217;elevata capacit\u00e0 addestrativa della forza armata in azzurro, fornendo uno spettacolo bello ed appassionante per le ardite e precise evoluzioni che vengono disegnate con il nostro tricolore nei cieli italiani ed internazionali.<\/p>\n<p>Lo show delle Frecce Tricolori del 15 e del 16 settembre \u00e8 stato battezzato &#8220;Colorando il cielo di emozioni tricolori&#8221;. Gi\u00e0  oggi, gioved\u00ec 13, a Imperia e domani, venerd\u00ec 14, ad Albenga, al pomeriggio, sar\u00e0 possibile assistere alle prove generali dell&#8217;esibizione. <\/p>\n<p>Le Frecce tornano nel ponente ligure dopo l&#8217;esibizione del 2010 ad Andora e per replicare il grandioso successo del 2002 nella citt\u00e0 delle Torri. Il vicesindaco di Albenga, Mauro Vannucci, sottolinea: &#8220;Siamo orgogliosi come amministrazione di questo evento e accogliamo a braccia aperte i piloti della Pattuglia Acrobatica, con un motivo in pi\u00f9 di soddisfazione: la presenza dell&#8217;albenganese Filippo Barbero&#8221;. <\/p>\n<p>&#8220;Quando nel 2002 l&#8217;allora sindaco Zunino chiese alle Frecce Tricolori di venire a volare su Albenga consegn\u00f2 al consiglio comunale un annullo filatelico che ha una particolarit\u00e0: \u00e8 il primo ed unico ad aver volato con l&#8217;aereo solista della Pattuglia Acrobatica Nazionale &#8211; prosegue Vannucci &#8211; La busta con questo speciale annullo filatelico sar\u00e0 messa all&#8217;asta ed il ricavato andr\u00e0 in beneficenza&#8221;. <\/p>\n","protected":false},"excerpt":{"rendered":"<p>Villanova d&#8217;Albenga. Il capoformazione Jan Slangen, atterrato all&#8217;aeroporto &#8220;Panero&#8221; di Villanova con i colleghi del gruppo, porta il saluto della Pattuglia Acrobatica Nazionale: &#8220;E&#8217; sempre un piacere per noi essere in Liguria e concludere qui la stagione delle nostre manifestazioni. La Liguria \u00e8 una terra bellissima con gente che ci vuole bene e ci \u00e8 [&hellip;]<\/p>\n","protected":false},"author":13744,"featured_media":0,"comment_status":"open","ping_status":"closed","sticky":false,"template":"","format":"standard","meta":{"footnotes":""},"categories":[],"tags":[347,291,85841,290],"class_list":["post-224973","post","type-post","status-publish","format-standard","hentry","tag-aeroporto","tag-air-show","tag-albenga","tag-frecce-tricolori","post_cat_citta-albenga","post_cat_citta-andora","post_cat_citta-villanova-dalbenga"],"amp_validity":null,"amp_enabled":true,"_links":{"self":[{"href":"https:\/\/staging.ivg.it\/ediapi\/wp\/v2\/posts\/224973","targetHints":{"allow":["GET"]}}],"collection":[{"href":"https:\/\/staging.ivg.it\/ediapi\/wp\/v2\/posts"}],"about":[{"href":"https:\/\/staging.ivg.it\/ediapi\/wp\/v2\/types\/post"}],"author":[{"embeddable":true,"href":"https:\/\/staging.ivg.it\/ediapi\/wp\/v2\/users\/13744"}],"replies":[{"embeddable":true,"href":"https:\/\/staging.ivg.it\/ediapi\/wp\/v2\/comments?post=224973"}],"version-history":[{"count":0,"href":"https:\/\/staging.ivg.it\/ediapi\/wp\/v2\/posts\/224973\/revisions"}],"wp:attachment":[{"href":"https:\/\/staging.ivg.it\/ediapi\/wp\/v2\/media?parent=224973"}],"wp:term":[{"taxonomy":"category","embeddable":true,"href":"https:\/\/staging.ivg.it\/ediapi\/wp\/v2\/categories?post=224973"},{"taxonomy":"post_tag","embeddable":true,"href":"https:\/\/staging.ivg.it\/ediapi\/wp\/v2\/tags?post=224973"}],"curies":[{"name":"wp","href":"https:\/\/api.w.org\/{rel}","templated":true}]}}