{"id":224845,"date":"2012-09-12T08:02:50","date_gmt":"2012-09-12T06:02:50","guid":{"rendered":"http:\/\/www.ivg.it\/?p=224845"},"modified":"2012-09-12T16:56:38","modified_gmt":"2012-09-12T14:56:38","slug":"vado-donna-trovata-cadavere-in-mare-e-morta-annegata-mistero-sulle-ultime-ore-di-vita","status":"publish","type":"post","link":"https:\/\/staging.ivg.it\/2012\/09\/vado-donna-trovata-cadavere-in-mare-e-morta-annegata-mistero-sulle-ultime-ore-di-vita\/","title":{"rendered":"Vado, donna trovata cadavere in mare: \u00e8 morta annegata. Mistero sulle ultime ore di vita"},"content":{"rendered":"<p><strong>Vado L<\/strong>. E&#8217; morta annegata Deresa Busu, la badante 60enne di origini etiopi e residente a Caraglio, in provincia di Cuneo, ritrovata morta sabato scorso nel mare di Vado Ligure. A dirlo \u00e8 l&#8217;autopsia eseguita ieri sul corpo della donna.<\/p>\n<p>Ora, per\u00f2, si dovr\u00e0 cercare di capire se la 60enne, reduce da poco da un&#8217;operazione al ginocchio che le dava qualche piccolo problema di deambulazione, si sia suicidata, sia stata uccisa oppure se si tratti di un incidente.<\/p>\n<p>Quel che appare certo \u00e8 che Deresa sia venuta in Riviera di sua spontanea volont\u00e0: a fare cosa e incontrare chi \u00e8 ancora un mistero. Sembra che i carabinieri di Savona abbiano individuato la persona che l&#8217;ha accompagnata nel Savonese.<\/p>\n","protected":false},"excerpt":{"rendered":"<p>Vado L. E&#8217; morta annegata Deresa Busu, la badante 60enne di origini etiopi e residente a Caraglio, in provincia di Cuneo, ritrovata morta sabato scorso nel mare di Vado Ligure. A dirlo \u00e8 l&#8217;autopsia eseguita ieri sul corpo della donna. Ora, per\u00f2, si dovr\u00e0 cercare di capire se la 60enne, reduce da poco da un&#8217;operazione [&hellip;]<\/p>\n","protected":false},"author":13744,"featured_media":0,"comment_status":"open","ping_status":"closed","sticky":false,"template":"","format":"standard","meta":{"footnotes":""},"categories":[34],"tags":[9812,6446,261],"class_list":["post-224845","post","type-post","status-publish","format-standard","hentry","category-cronaca","tag-annegamento","tag-autopsia","tag-vado","post_cat_citta-vado-ligure"],"amp_validity":null,"amp_enabled":true,"_links":{"self":[{"href":"https:\/\/staging.ivg.it\/ediapi\/wp\/v2\/posts\/224845","targetHints":{"allow":["GET"]}}],"collection":[{"href":"https:\/\/staging.ivg.it\/ediapi\/wp\/v2\/posts"}],"about":[{"href":"https:\/\/staging.ivg.it\/ediapi\/wp\/v2\/types\/post"}],"author":[{"embeddable":true,"href":"https:\/\/staging.ivg.it\/ediapi\/wp\/v2\/users\/13744"}],"replies":[{"embeddable":true,"href":"https:\/\/staging.ivg.it\/ediapi\/wp\/v2\/comments?post=224845"}],"version-history":[{"count":0,"href":"https:\/\/staging.ivg.it\/ediapi\/wp\/v2\/posts\/224845\/revisions"}],"wp:attachment":[{"href":"https:\/\/staging.ivg.it\/ediapi\/wp\/v2\/media?parent=224845"}],"wp:term":[{"taxonomy":"category","embeddable":true,"href":"https:\/\/staging.ivg.it\/ediapi\/wp\/v2\/categories?post=224845"},{"taxonomy":"post_tag","embeddable":true,"href":"https:\/\/staging.ivg.it\/ediapi\/wp\/v2\/tags?post=224845"}],"curies":[{"name":"wp","href":"https:\/\/api.w.org\/{rel}","templated":true}]}}