{"id":224708,"date":"2012-09-10T13:13:24","date_gmt":"2012-09-10T11:13:24","guid":{"rendered":"http:\/\/www.ivg.it\/?p=224708"},"modified":"2012-09-10T13:13:24","modified_gmt":"2012-09-10T11:13:24","slug":"ginnastica-ligure-albenga-allenamenti-per-il-campionato","status":"publish","type":"post","link":"https:\/\/staging.ivg.it\/2012\/09\/ginnastica-ligure-albenga-allenamenti-per-il-campionato\/","title":{"rendered":"Ginnastica Ligure Albenga: allenamenti per il campionato"},"content":{"rendered":"<p><strong>Albenga<\/strong>. Dopo un&#8217;estate ricca di impegni tecnici riprende l&#8217;attivit\u00e0 di routine della ginnastica ritmica albenganese. Durante le vacanze le atlete della Ginnastica Ligure Albenga si sono allenate senza pausa, con allenamenti collegiali e di interscambio con le squadre pi\u00f9 forti del panorama nazionale e sotto il controllo attento delle proprie allenatrici Elena Ghidetti e Rossana Lo Vetere.<\/p>\n<p>Ancora qualche allenamento intensivo come quelli estivi (6-7 ore al giorno) prima che inizi la scuola, e poi riprenderanno gli orari invernali.<\/p>\n<p>La squadra della Ligure Albenga si sta preparando con seriet\u00e0 e concentrazione al Campionato di Serie B di Ginnastica Ritmica, campionato che le ha gi\u00e0 viste protagoniste lo scorso anno: nel 2011 infatti, le due squadre schierate dalla societ\u00e0 ingauna hanno conquistato il 1\u00b0 e il 3\u00b0 posto nella fase regionale, il 2\u00b0 posto all&#8217;Interregionale (Piemonte &#8211; Lombardia &#8211; Liguria) accedendo cos\u00ec al Campionato Nazionale, porta di ingresso al Campionato di Serie A, in cui le ultime tre classificate retrocedono in Serie B per lasciare il posto alle prime tre classificate della Serie inferiore.<\/p>\n<p>La squadra albenganese ha ottime possibilit\u00e0 di riuscita anche perch\u00e8 quest&#8217;anno pu\u00f2 nuovamente avvalersi dell&#8217;apporto di una tra le ginnaste pi\u00f9 esperte della propria squadra, Irene Pippo, che per tre anni ha gareggiato nel Campionato di Serie A tesserata per l&#8217;Ardor di Padova.<\/p>\n<p>Altri punti di forza della squadra sono: Laura Aragno, che ha ottenuto ottimi piazzamenti in campo individuale, tali da suscitare l&#8217;interessamento di squadre di Serie A, che l&#8217;avrebbero inserita volentieri nelle loro formazioni. Carlotta Violante, Campionessa Regionale di Categoria, da due anni inserita nel Gruppo C Nazionale della Federazione Ginnastica d&#8217;Italia. Anna Pippo, che segue le orme della sorella Irene, e le sorelle genovesi Ilaria e Sara Rotella che daranno un apporto significativo alla squadra. Importante il supporto delle altre ginnaste della squadra agonistica, le pi\u00f9 piccole della Squadra di Serie C: Laura Rolando, Sara Valdisserra, Salom\u00e8 Pontanari, Greta Gualco, Ludovica Dentella, Alessia Ardissone. E indispensabile la presenza delle veterane della squadra: Rachele Bani, Lara Fazzari, Ilaria Ratti, Andrea Violante.<\/p>\n<p>Un team molto qualificato di allenatrici le segue costantemente: Elena Ghidetti, Direttrice Tecnica Regionale di Ginnastica Ritmica della Federazione Ginnastica d&#8217;Italia, insegnante di Educazione Fisica.<br \/>\nRossana Lo Vetere, Direttrice Tecnica Regionale GpT della Federazione e Direttrice Regionale di Giuria UISP. Tania Reggio, Giudice Regionale e le giovani assistenti Federica Vogliobene e Giorgia Giraldi.<\/p>\n<p>Da non sottovalutare poi l&#8217;apporto dei dirigenti della Societ\u00e0 guidati dal Presidente Gustavo Pippo, e dei genitori, sempre pronti a sostenere le ginnaste e le allenatrici. Importante, naturalmente, l&#8217;appoggio di alcuni sponsor, primo fra tutti RB Plant, che ha supportato la Squadra per la stagione appena conclusa.<\/p>\n<p>Primo appuntamento agonistico per la Squadra: il Torneo di Nerviano, in provincia di Milano (22 settembre) e, in Liguria, il Torneo d&#8217;Autunno, in programma proprio ad Albenga domenica 30 settembre. Il Campionato di Serie B partir\u00e0 invece il 28 ottobre. Nella foto: Laura Aragno, Irene Pippo, Carlotta Violante.<\/p>\n","protected":false},"excerpt":{"rendered":"<p>Albenga. Dopo un&#8217;estate ricca di impegni tecnici riprende l&#8217;attivit\u00e0 di routine della ginnastica ritmica albenganese. Durante le vacanze le atlete della Ginnastica Ligure Albenga si sono allenate senza pausa, con allenamenti collegiali e di interscambio con le squadre pi\u00f9 forti del panorama nazionale e sotto il controllo attento delle proprie allenatrici Elena Ghidetti e Rossana [&hellip;]<\/p>\n","protected":false},"author":13744,"featured_media":0,"comment_status":"open","ping_status":"closed","sticky":false,"template":"","format":"standard","meta":{"footnotes":""},"categories":[32],"tags":[85841,7660],"class_list":["post-224708","post","type-post","status-publish","format-standard","hentry","category-sport","tag-albenga","tag-ginnastica","post_cat_citta-albenga"],"amp_validity":null,"amp_enabled":true,"_links":{"self":[{"href":"https:\/\/staging.ivg.it\/ediapi\/wp\/v2\/posts\/224708","targetHints":{"allow":["GET"]}}],"collection":[{"href":"https:\/\/staging.ivg.it\/ediapi\/wp\/v2\/posts"}],"about":[{"href":"https:\/\/staging.ivg.it\/ediapi\/wp\/v2\/types\/post"}],"author":[{"embeddable":true,"href":"https:\/\/staging.ivg.it\/ediapi\/wp\/v2\/users\/13744"}],"replies":[{"embeddable":true,"href":"https:\/\/staging.ivg.it\/ediapi\/wp\/v2\/comments?post=224708"}],"version-history":[{"count":0,"href":"https:\/\/staging.ivg.it\/ediapi\/wp\/v2\/posts\/224708\/revisions"}],"wp:attachment":[{"href":"https:\/\/staging.ivg.it\/ediapi\/wp\/v2\/media?parent=224708"}],"wp:term":[{"taxonomy":"category","embeddable":true,"href":"https:\/\/staging.ivg.it\/ediapi\/wp\/v2\/categories?post=224708"},{"taxonomy":"post_tag","embeddable":true,"href":"https:\/\/staging.ivg.it\/ediapi\/wp\/v2\/tags?post=224708"}],"curies":[{"name":"wp","href":"https:\/\/api.w.org\/{rel}","templated":true}]}}